{"id":6536,"date":"2026-04-27T12:59:49","date_gmt":"2026-04-27T10:59:49","guid":{"rendered":"https:\/\/stopalzheimer.be\/?p=6536"},"modified":"2026-04-27T12:59:49","modified_gmt":"2026-04-27T10:59:49","slug":"run2rame-un-cheque-pour-la-recherche-un-message-pour-la-prevention","status":"publish","type":"post","link":"https:\/\/stopalzheimer.be\/fr\/run2rame-un-cheque-pour-la-recherche-un-message-pour-la-prevention\/","title":{"rendered":"Run2Rame : un ch\u00e8que pour la recherche, un message pour la pr\u00e9vention"},"content":{"rendered":"<h2 class=\"wp-block-heading\"><strong>Run2Rame : un ch\u00e8que pour la recherche, un message pour la pr\u00e9vention<\/strong><\/h2>\n\n\n\n<p><em>Plus de 650 participants, une premi\u00e8re collaboration avec la fondation Stop Alzheimer et plus de 1 000 euros r\u00e9colt\u00e9s : l\u2019\u00e9dition 2026 du Run2Rame, organis\u00e9e le samedi 25 avril \u00e0 La Roche-en-Ardenne, a pris une dimension solidaire in\u00e9dite. Au-del\u00e0 de la performance sportive, l\u2019\u00e9v\u00e9nement a permis de soutenir concr\u00e8tement la recherche contre la maladie d\u2019Alzheimer tout en sensibilisant \u00e0 l\u2019importance de la pr\u00e9vention.<\/em><\/p>\n\n\n\n<p>Ce samedi \u00e0 La Roche-en-Ardenne, l\u2019\u00e9motion ne se lisait pas seulement sur les visages des coureurs \u00e0 l\u2019arriv\u00e9e du Run2Rame. Elle s\u2019est aussi cristallis\u00e9e dans un geste fort : la remise d\u2019un ch\u00e8que de plus de 1.000 euros \u00e0 la fondation Stop Alzheimer, partenaire de l\u2019\u00e9v\u00e9nement pour la premi\u00e8re fois.<\/p>\n\n\n\n<p>Un moment simple, mais charg\u00e9 de sens, applaudi par les participants et les organisateurs. Car derri\u00e8re ce montant, ce sont des centaines de foul\u00e9es solidaires qui ont contribu\u00e9 \u00e0 faire avancer la recherche.<\/p>\n\n\n\n<p>\u00ab <em>Voir cet \u00e9lan de g\u00e9n\u00e9rosit\u00e9 d\u00e8s la premi\u00e8re ann\u00e9e, c\u2019est extr\u00eamement encourageant<\/em> \u00bb, souligne Lucie Leroux responsable de Stop Alzheimer.<\/p>\n\n\n\n<p>Tout au long de la journ\u00e9e, plus de 650 participants ont pris part \u00e0 l\u2019\u00e9v\u00e9nement, entre performance, convivialit\u00e9 et solidarit\u00e9. Gr\u00e2ce \u00e0 une plateforme de collecte et \u00e0 la vente de t-shirts solidaires, chacun a pu transformer son effort en soutien concret.<\/p>\n\n\n\n<figure class=\"wp-block-image size-large\"><img fetchpriority=\"high\" decoding=\"async\" width=\"1024\" height=\"768\" src=\"https:\/\/stopalzheimer.be\/wp-content\/uploads\/2026\/04\/20260425_102855-1024x768.jpg\" alt=\"\" class=\"wp-image-6537\" srcset=\"https:\/\/stopalzheimer.be\/wp-content\/uploads\/2026\/04\/20260425_102855-1024x768.jpg 1024w, https:\/\/stopalzheimer.be\/wp-content\/uploads\/2026\/04\/20260425_102855-300x225.jpg 300w, https:\/\/stopalzheimer.be\/wp-content\/uploads\/2026\/04\/20260425_102855-768x576.jpg 768w, https:\/\/stopalzheimer.be\/wp-content\/uploads\/2026\/04\/20260425_102855-1536x1152.jpg 1536w, https:\/\/stopalzheimer.be\/wp-content\/uploads\/2026\/04\/20260425_102855-2048x1536.jpg 2048w, https:\/\/stopalzheimer.be\/wp-content\/uploads\/2026\/04\/20260425_102855-16x12.jpg 16w\" sizes=\"(max-width: 1024px) 100vw, 1024px\" \/><\/figure>\n\n\n\n<p>Mais au-del\u00e0 du ch\u00e8que, c\u2019est aussi un message essentiel qui a \u00e9t\u00e9 port\u00e9 sur les sentiers ardennais : celui de la pr\u00e9vention.<\/p>\n\n\n\n<p>\u00ab <em>Ce partenariat va au-del\u00e0 du financement de la recherche<\/em> \u00bb, rappelle la fondation. \u00ab <em>Il s\u2019agit aussi de sensibiliser. L\u2019activit\u00e9 physique est l\u2019un des piliers majeurs pour r\u00e9duire les risques. <\/em>\u00bb<\/p>\n\n\n\n<p>Un message appuy\u00e9 par les donn\u00e9es scientifiques : jusqu\u2019\u00e0 45% des risques de d\u00e9velopper la maladie d\u2019Alzheimer pourraient \u00eatre \u00e9vit\u00e9s ou retard\u00e9s gr\u00e2ce \u00e0 un mode de vie plus sain, incluant une activit\u00e9 physique r\u00e9guli\u00e8re.<\/p>\n\n\n\n<p>Un ch\u00e8que remis, certes. Mais surtout, un important message lanc\u00e9.<\/p>","protected":false},"excerpt":{"rendered":"<p>Run2Rame : un ch\u00e8que pour la recherche, un message pour la pr\u00e9vention Plus de 650 participants, une premi\u00e8re collaboration avec la fondation Stop Alzheimer et plus de 1 000 euros r\u00e9colt\u00e9s : l\u2019\u00e9dition 2026 du Run2Rame, organis\u00e9e le samedi 25 avril \u00e0 La Roche-en-Ardenne, a pris une dimension solidaire in\u00e9dite. Au-del\u00e0 de la performance sportive, [&hellip;]<\/p>\n","protected":false},"author":4,"featured_media":6538,"comment_status":"closed","ping_status":"closed","sticky":false,"template":"","format":"standard","meta":{"_acf_changed":false,"footnotes":""},"categories":[8],"tags":[],"locatie":[27,26],"class_list":["post-6536","post","type-post","status-publish","format-standard","has-post-thumbnail","hentry","category-evenementen","locatie-help-mee","locatie-homepage"],"acf":[],"yoast_head":"<!-- This site is optimized with the Yoast SEO plugin v27.4 - https:\/\/yoast.com\/product\/yoast-seo-wordpress\/ -->\n<title>Run2Rame : un ch\u00e8que pour la recherche, un message pour la pr\u00e9vention - Stop Alzheimer<\/title>\n<meta name=\"description\" content=\"Run2Rame 2026 \u00e0 La Roche-en-Ardenne : plus de 650 participants mobilis\u00e9s, 1 000 \u20ac r\u00e9colt\u00e9s pour Stop Alzheimer et un message fort en faveur de la pr\u00e9vention par l\u2019activit\u00e9 physique.\" \/>\n<meta name=\"robots\" content=\"index, follow, max-snippet:-1, max-image-preview:large, max-video-preview:-1\" \/>\n<link rel=\"canonical\" href=\"https:\/\/stopalzheimer.be\/fr\/run2rame-un-cheque-pour-la-recherche-un-message-pour-la-prevention\/\" \/>\n<meta property=\"og:locale\" content=\"fr_FR\" \/>\n<meta property=\"og:type\" content=\"article\" \/>\n<meta property=\"og:title\" content=\"Run2Rame : un ch\u00e8que pour la recherche, un message pour la pr\u00e9vention - Stop Alzheimer\" \/>\n<meta property=\"og:description\" content=\"Run2Rame 2026 \u00e0 La Roche-en-Ardenne : plus de 650 participants mobilis\u00e9s, 1 000 \u20ac r\u00e9colt\u00e9s pour Stop Alzheimer et un message fort en faveur de la pr\u00e9vention par l\u2019activit\u00e9 physique.\" \/>\n<meta property=\"og:url\" content=\"https:\/\/stopalzheimer.be\/fr\/run2rame-un-cheque-pour-la-recherche-un-message-pour-la-prevention\/\" \/>\n<meta property=\"og:site_name\" content=\"Stop Alzheimer\" \/>\n<meta property=\"article:publisher\" content=\"https:\/\/www.facebook.com\/StichtingAlzheimerOnderzoek\/\" \/>\n<meta property=\"article:published_time\" content=\"2026-04-27T10:59:49+00:00\" \/>\n<meta property=\"og:image\" content=\"https:\/\/stopalzheimer.be\/wp-content\/uploads\/2026\/04\/20260425_165833-scaled.jpg\" \/>\n\t<meta property=\"og:image:width\" content=\"2560\" \/>\n\t<meta property=\"og:image:height\" content=\"1920\" \/>\n\t<meta property=\"og:image:type\" content=\"image\/jpeg\" \/>\n<meta name=\"author\" content=\"soumaya\" \/>\n<meta name=\"twitter:card\" content=\"summary_large_image\" \/>\n<meta name=\"twitter:label1\" content=\"\u00c9crit par\" \/>\n\t<meta name=\"twitter:data1\" content=\"soumaya\" \/>\n\t<meta name=\"twitter:label2\" content=\"Dur\u00e9e de lecture estim\u00e9e\" \/>\n\t<meta name=\"twitter:data2\" content=\"2 minutes\" \/>\n<script type=\"application\/ld+json\" class=\"yoast-schema-graph\">{\"@context\":\"https:\\\/\\\/schema.org\",\"@graph\":[{\"@type\":\"Article\",\"@id\":\"https:\\\/\\\/stopalzheimer.be\\\/run2rame-un-cheque-pour-la-recherche-un-message-pour-la-prevention\\\/#article\",\"isPartOf\":{\"@id\":\"https:\\\/\\\/stopalzheimer.be\\\/run2rame-un-cheque-pour-la-recherche-un-message-pour-la-prevention\\\/\"},\"author\":{\"name\":\"soumaya\",\"@id\":\"https:\\\/\\\/stopalzheimer.be\\\/fr\\\/#\\\/schema\\\/person\\\/2b6d2165b20374904f1427049d1d94fb\"},\"headline\":\"Run2Rame : un ch\u00e8que pour la recherche, un message pour la pr\u00e9vention\",\"datePublished\":\"2026-04-27T10:59:49+00:00\",\"mainEntityOfPage\":{\"@id\":\"https:\\\/\\\/stopalzheimer.be\\\/run2rame-un-cheque-pour-la-recherche-un-message-pour-la-prevention\\\/\"},\"wordCount\":361,\"publisher\":{\"@id\":\"https:\\\/\\\/stopalzheimer.be\\\/fr\\\/#organization\"},\"image\":{\"@id\":\"https:\\\/\\\/stopalzheimer.be\\\/run2rame-un-cheque-pour-la-recherche-un-message-pour-la-prevention\\\/#primaryimage\"},\"thumbnailUrl\":\"https:\\\/\\\/stopalzheimer.be\\\/wp-content\\\/uploads\\\/2026\\\/04\\\/20260425_165833-scaled.jpg\",\"articleSection\":[\"Evenementen\"],\"inLanguage\":\"fr-FR\"},{\"@type\":\"WebPage\",\"@id\":\"https:\\\/\\\/stopalzheimer.be\\\/run2rame-un-cheque-pour-la-recherche-un-message-pour-la-prevention\\\/\",\"url\":\"https:\\\/\\\/stopalzheimer.be\\\/run2rame-un-cheque-pour-la-recherche-un-message-pour-la-prevention\\\/\",\"name\":\"Run2Rame : un ch\u00e8que pour la recherche, un message pour la pr\u00e9vention - Stop Alzheimer\",\"isPartOf\":{\"@id\":\"https:\\\/\\\/stopalzheimer.be\\\/fr\\\/#website\"},\"primaryImageOfPage\":{\"@id\":\"https:\\\/\\\/stopalzheimer.be\\\/run2rame-un-cheque-pour-la-recherche-un-message-pour-la-prevention\\\/#primaryimage\"},\"image\":{\"@id\":\"https:\\\/\\\/stopalzheimer.be\\\/run2rame-un-cheque-pour-la-recherche-un-message-pour-la-prevention\\\/#primaryimage\"},\"thumbnailUrl\":\"https:\\\/\\\/stopalzheimer.be\\\/wp-content\\\/uploads\\\/2026\\\/04\\\/20260425_165833-scaled.jpg\",\"datePublished\":\"2026-04-27T10:59:49+00:00\",\"description\":\"Run2Rame 2026 \u00e0 La Roche-en-Ardenne : plus de 650 participants mobilis\u00e9s, 1 000 \u20ac r\u00e9colt\u00e9s pour Stop Alzheimer et un message fort en faveur de la pr\u00e9vention par l\u2019activit\u00e9 physique.\",\"breadcrumb\":{\"@id\":\"https:\\\/\\\/stopalzheimer.be\\\/run2rame-un-cheque-pour-la-recherche-un-message-pour-la-prevention\\\/#breadcrumb\"},\"inLanguage\":\"fr-FR\",\"potentialAction\":[{\"@type\":\"ReadAction\",\"target\":[\"https:\\\/\\\/stopalzheimer.be\\\/run2rame-un-cheque-pour-la-recherche-un-message-pour-la-prevention\\\/\"]}]},{\"@type\":\"ImageObject\",\"inLanguage\":\"fr-FR\",\"@id\":\"https:\\\/\\\/stopalzheimer.be\\\/run2rame-un-cheque-pour-la-recherche-un-message-pour-la-prevention\\\/#primaryimage\",\"url\":\"https:\\\/\\\/stopalzheimer.be\\\/wp-content\\\/uploads\\\/2026\\\/04\\\/20260425_165833-scaled.jpg\",\"contentUrl\":\"https:\\\/\\\/stopalzheimer.be\\\/wp-content\\\/uploads\\\/2026\\\/04\\\/20260425_165833-scaled.jpg\",\"width\":2560,\"height\":1920},{\"@type\":\"BreadcrumbList\",\"@id\":\"https:\\\/\\\/stopalzheimer.be\\\/run2rame-un-cheque-pour-la-recherche-un-message-pour-la-prevention\\\/#breadcrumb\",\"itemListElement\":[{\"@type\":\"ListItem\",\"position\":1,\"name\":\"Home\",\"item\":\"https:\\\/\\\/stopalzheimer.be\\\/\"},{\"@type\":\"ListItem\",\"position\":2,\"name\":\"Run2Rame : un ch\u00e8que pour la recherche, un message pour la pr\u00e9vention\"}]},{\"@type\":\"WebSite\",\"@id\":\"https:\\\/\\\/stopalzheimer.be\\\/fr\\\/#website\",\"url\":\"https:\\\/\\\/stopalzheimer.be\\\/fr\\\/\",\"name\":\"Stop Alzheimer\",\"description\":\"Stichting Alzheimer Onderzoek\",\"publisher\":{\"@id\":\"https:\\\/\\\/stopalzheimer.be\\\/fr\\\/#organization\"},\"potentialAction\":[{\"@type\":\"SearchAction\",\"target\":{\"@type\":\"EntryPoint\",\"urlTemplate\":\"https:\\\/\\\/stopalzheimer.be\\\/fr\\\/?s={search_term_string}\"},\"query-input\":{\"@type\":\"PropertyValueSpecification\",\"valueRequired\":true,\"valueName\":\"search_term_string\"}}],\"inLanguage\":\"fr-FR\"},{\"@type\":\"Organization\",\"@id\":\"https:\\\/\\\/stopalzheimer.be\\\/fr\\\/#organization\",\"name\":\"Stop Alzheimer\",\"url\":\"https:\\\/\\\/stopalzheimer.be\\\/fr\\\/\",\"logo\":{\"@type\":\"ImageObject\",\"inLanguage\":\"fr-FR\",\"@id\":\"https:\\\/\\\/stopalzheimer.be\\\/fr\\\/#\\\/schema\\\/logo\\\/image\\\/\",\"url\":\"https:\\\/\\\/stopalzheimer.be\\\/wp-content\\\/uploads\\\/2025\\\/04\\\/241021_Alzheimer_logoNL_NEW.png\",\"contentUrl\":\"https:\\\/\\\/stopalzheimer.be\\\/wp-content\\\/uploads\\\/2025\\\/04\\\/241021_Alzheimer_logoNL_NEW.png\",\"width\":2362,\"height\":515,\"caption\":\"Stop Alzheimer\"},\"image\":{\"@id\":\"https:\\\/\\\/stopalzheimer.be\\\/fr\\\/#\\\/schema\\\/logo\\\/image\\\/\"},\"sameAs\":[\"https:\\\/\\\/www.facebook.com\\\/StichtingAlzheimerOnderzoek\\\/\",\"https:\\\/\\\/www.youtube.com\\\/@stichtingalzheimeronderzoe3860\\\/videos\",\"https:\\\/\\\/be.linkedin.com\\\/in\\\/stichting-alzheimer-onderzoek-fondation-recherche-alzheimer-8760b61a4\"]},{\"@type\":\"Person\",\"@id\":\"https:\\\/\\\/stopalzheimer.be\\\/fr\\\/#\\\/schema\\\/person\\\/2b6d2165b20374904f1427049d1d94fb\",\"name\":\"soumaya\",\"image\":{\"@type\":\"ImageObject\",\"inLanguage\":\"fr-FR\",\"@id\":\"https:\\\/\\\/secure.gravatar.com\\\/avatar\\\/8f5a0530636f344b3ec7afcb52768eacaa2f1bc78eb9b753ec880dcf99b900d7?s=96&d=mm&r=g\",\"url\":\"https:\\\/\\\/secure.gravatar.com\\\/avatar\\\/8f5a0530636f344b3ec7afcb52768eacaa2f1bc78eb9b753ec880dcf99b900d7?s=96&d=mm&r=g\",\"contentUrl\":\"https:\\\/\\\/secure.gravatar.com\\\/avatar\\\/8f5a0530636f344b3ec7afcb52768eacaa2f1bc78eb9b753ec880dcf99b900d7?s=96&d=mm&r=g\",\"caption\":\"soumaya\"},\"url\":\"https:\\\/\\\/stopalzheimer.be\\\/fr\\\/author\\\/soumayastopalzheimer-be\\\/\"}]}<\/script>\n<!-- \/ Yoast SEO plugin. -->","yoast_head_json":{"title":"Run2Rame : un ch\u00e8que pour la recherche, un message pour la pr\u00e9vention - Stop Alzheimer","description":"Run2Rame 2026 \u00e0 La Roche-en-Ardenne : plus de 650 participants mobilis\u00e9s, 1 000 \u20ac r\u00e9colt\u00e9s pour Stop Alzheimer et un message fort en faveur de la pr\u00e9vention par l\u2019activit\u00e9 physique.","robots":{"index":"index","follow":"follow","max-snippet":"max-snippet:-1","max-image-preview":"max-image-preview:large","max-video-preview":"max-video-preview:-1"},"canonical":"https:\/\/stopalzheimer.be\/fr\/run2rame-un-cheque-pour-la-recherche-un-message-pour-la-prevention\/","og_locale":"fr_FR","og_type":"article","og_title":"Run2Rame : un ch\u00e8que pour la recherche, un message pour la pr\u00e9vention - Stop Alzheimer","og_description":"Run2Rame 2026 \u00e0 La Roche-en-Ardenne : plus de 650 participants mobilis\u00e9s, 1 000 \u20ac r\u00e9colt\u00e9s pour Stop Alzheimer et un message fort en faveur de la pr\u00e9vention par l\u2019activit\u00e9 physique.","og_url":"https:\/\/stopalzheimer.be\/fr\/run2rame-un-cheque-pour-la-recherche-un-message-pour-la-prevention\/","og_site_name":"Stop Alzheimer","article_publisher":"https:\/\/www.facebook.com\/StichtingAlzheimerOnderzoek\/","article_published_time":"2026-04-27T10:59:49+00:00","og_image":[{"width":2560,"height":1920,"url":"https:\/\/stopalzheimer.be\/wp-content\/uploads\/2026\/04\/20260425_165833-scaled.jpg","type":"image\/jpeg"}],"author":"soumaya","twitter_card":"summary_large_image","twitter_misc":{"\u00c9crit par":"soumaya","Dur\u00e9e de lecture estim\u00e9e":"2 minutes"},"schema":{"@context":"https:\/\/schema.org","@graph":[{"@type":"Article","@id":"https:\/\/stopalzheimer.be\/run2rame-un-cheque-pour-la-recherche-un-message-pour-la-prevention\/#article","isPartOf":{"@id":"https:\/\/stopalzheimer.be\/run2rame-un-cheque-pour-la-recherche-un-message-pour-la-prevention\/"},"author":{"name":"soumaya","@id":"https:\/\/stopalzheimer.be\/fr\/#\/schema\/person\/2b6d2165b20374904f1427049d1d94fb"},"headline":"Run2Rame : un ch\u00e8que pour la recherche, un message pour la pr\u00e9vention","datePublished":"2026-04-27T10:59:49+00:00","mainEntityOfPage":{"@id":"https:\/\/stopalzheimer.be\/run2rame-un-cheque-pour-la-recherche-un-message-pour-la-prevention\/"},"wordCount":361,"publisher":{"@id":"https:\/\/stopalzheimer.be\/fr\/#organization"},"image":{"@id":"https:\/\/stopalzheimer.be\/run2rame-un-cheque-pour-la-recherche-un-message-pour-la-prevention\/#primaryimage"},"thumbnailUrl":"https:\/\/stopalzheimer.be\/wp-content\/uploads\/2026\/04\/20260425_165833-scaled.jpg","articleSection":["Evenementen"],"inLanguage":"fr-FR"},{"@type":"WebPage","@id":"https:\/\/stopalzheimer.be\/run2rame-un-cheque-pour-la-recherche-un-message-pour-la-prevention\/","url":"https:\/\/stopalzheimer.be\/run2rame-un-cheque-pour-la-recherche-un-message-pour-la-prevention\/","name":"Run2Rame : un ch\u00e8que pour la recherche, un message pour la pr\u00e9vention - Stop Alzheimer","isPartOf":{"@id":"https:\/\/stopalzheimer.be\/fr\/#website"},"primaryImageOfPage":{"@id":"https:\/\/stopalzheimer.be\/run2rame-un-cheque-pour-la-recherche-un-message-pour-la-prevention\/#primaryimage"},"image":{"@id":"https:\/\/stopalzheimer.be\/run2rame-un-cheque-pour-la-recherche-un-message-pour-la-prevention\/#primaryimage"},"thumbnailUrl":"https:\/\/stopalzheimer.be\/wp-content\/uploads\/2026\/04\/20260425_165833-scaled.jpg","datePublished":"2026-04-27T10:59:49+00:00","description":"Run2Rame 2026 \u00e0 La Roche-en-Ardenne : plus de 650 participants mobilis\u00e9s, 1 000 \u20ac r\u00e9colt\u00e9s pour Stop Alzheimer et un message fort en faveur de la pr\u00e9vention par l\u2019activit\u00e9 physique.","breadcrumb":{"@id":"https:\/\/stopalzheimer.be\/run2rame-un-cheque-pour-la-recherche-un-message-pour-la-prevention\/#breadcrumb"},"inLanguage":"fr-FR","potentialAction":[{"@type":"ReadAction","target":["https:\/\/stopalzheimer.be\/run2rame-un-cheque-pour-la-recherche-un-message-pour-la-prevention\/"]}]},{"@type":"ImageObject","inLanguage":"fr-FR","@id":"https:\/\/stopalzheimer.be\/run2rame-un-cheque-pour-la-recherche-un-message-pour-la-prevention\/#primaryimage","url":"https:\/\/stopalzheimer.be\/wp-content\/uploads\/2026\/04\/20260425_165833-scaled.jpg","contentUrl":"https:\/\/stopalzheimer.be\/wp-content\/uploads\/2026\/04\/20260425_165833-scaled.jpg","width":2560,"height":1920},{"@type":"BreadcrumbList","@id":"https:\/\/stopalzheimer.be\/run2rame-un-cheque-pour-la-recherche-un-message-pour-la-prevention\/#breadcrumb","itemListElement":[{"@type":"ListItem","position":1,"name":"Home","item":"https:\/\/stopalzheimer.be\/"},{"@type":"ListItem","position":2,"name":"Run2Rame : un ch\u00e8que pour la recherche, un message pour la pr\u00e9vention"}]},{"@type":"WebSite","@id":"https:\/\/stopalzheimer.be\/fr\/#website","url":"https:\/\/stopalzheimer.be\/fr\/","name":"Stop Alzheimer","description":"Fondation Recherche Alzheimer","publisher":{"@id":"https:\/\/stopalzheimer.be\/fr\/#organization"},"potentialAction":[{"@type":"SearchAction","target":{"@type":"EntryPoint","urlTemplate":"https:\/\/stopalzheimer.be\/fr\/?s={search_term_string}"},"query-input":{"@type":"PropertyValueSpecification","valueRequired":true,"valueName":"search_term_string"}}],"inLanguage":"fr-FR"},{"@type":"Organization","@id":"https:\/\/stopalzheimer.be\/fr\/#organization","name":"Stop Alzheimer","url":"https:\/\/stopalzheimer.be\/fr\/","logo":{"@type":"ImageObject","inLanguage":"fr-FR","@id":"https:\/\/stopalzheimer.be\/fr\/#\/schema\/logo\/image\/","url":"https:\/\/stopalzheimer.be\/wp-content\/uploads\/2025\/04\/241021_Alzheimer_logoNL_NEW.png","contentUrl":"https:\/\/stopalzheimer.be\/wp-content\/uploads\/2025\/04\/241021_Alzheimer_logoNL_NEW.png","width":2362,"height":515,"caption":"Stop Alzheimer"},"image":{"@id":"https:\/\/stopalzheimer.be\/fr\/#\/schema\/logo\/image\/"},"sameAs":["https:\/\/www.facebook.com\/StichtingAlzheimerOnderzoek\/","https:\/\/www.youtube.com\/@stichtingalzheimeronderzoe3860\/videos","https:\/\/be.linkedin.com\/in\/stichting-alzheimer-onderzoek-fondation-recherche-alzheimer-8760b61a4"]},{"@type":"Person","@id":"https:\/\/stopalzheimer.be\/fr\/#\/schema\/person\/2b6d2165b20374904f1427049d1d94fb","name":"soumaya","image":{"@type":"ImageObject","inLanguage":"fr-FR","@id":"https:\/\/secure.gravatar.com\/avatar\/8f5a0530636f344b3ec7afcb52768eacaa2f1bc78eb9b753ec880dcf99b900d7?s=96&d=mm&r=g","url":"https:\/\/secure.gravatar.com\/avatar\/8f5a0530636f344b3ec7afcb52768eacaa2f1bc78eb9b753ec880dcf99b900d7?s=96&d=mm&r=g","contentUrl":"https:\/\/secure.gravatar.com\/avatar\/8f5a0530636f344b3ec7afcb52768eacaa2f1bc78eb9b753ec880dcf99b900d7?s=96&d=mm&r=g","caption":"soumaya"},"url":"https:\/\/stopalzheimer.be\/fr\/author\/soumayastopalzheimer-be\/"}]}},"_links":{"self":[{"href":"https:\/\/stopalzheimer.be\/fr\/wp-json\/wp\/v2\/posts\/6536","targetHints":{"allow":["GET"]}}],"collection":[{"href":"https:\/\/stopalzheimer.be\/fr\/wp-json\/wp\/v2\/posts"}],"about":[{"href":"https:\/\/stopalzheimer.be\/fr\/wp-json\/wp\/v2\/types\/post"}],"author":[{"embeddable":true,"href":"https:\/\/stopalzheimer.be\/fr\/wp-json\/wp\/v2\/users\/4"}],"replies":[{"embeddable":true,"href":"https:\/\/stopalzheimer.be\/fr\/wp-json\/wp\/v2\/comments?post=6536"}],"version-history":[{"count":1,"href":"https:\/\/stopalzheimer.be\/fr\/wp-json\/wp\/v2\/posts\/6536\/revisions"}],"predecessor-version":[{"id":6539,"href":"https:\/\/stopalzheimer.be\/fr\/wp-json\/wp\/v2\/posts\/6536\/revisions\/6539"}],"wp:featuredmedia":[{"embeddable":true,"href":"https:\/\/stopalzheimer.be\/fr\/wp-json\/wp\/v2\/media\/6538"}],"wp:attachment":[{"href":"https:\/\/stopalzheimer.be\/fr\/wp-json\/wp\/v2\/media?parent=6536"}],"wp:term":[{"taxonomy":"category","embeddable":true,"href":"https:\/\/stopalzheimer.be\/fr\/wp-json\/wp\/v2\/categories?post=6536"},{"taxonomy":"post_tag","embeddable":true,"href":"https:\/\/stopalzheimer.be\/fr\/wp-json\/wp\/v2\/tags?post=6536"},{"taxonomy":"locatie","embeddable":true,"href":"https:\/\/stopalzheimer.be\/fr\/wp-json\/wp\/v2\/locatie?post=6536"}],"curies":[{"name":"wp","href":"https:\/\/api.w.org\/{rel}","templated":true}]}}