{"id":6517,"date":"2026-04-27T08:43:03","date_gmt":"2026-04-27T06:43:03","guid":{"rendered":"https:\/\/stopalzheimer.be\/?p=6517"},"modified":"2026-04-27T08:43:04","modified_gmt":"2026-04-27T06:43:04","slug":"meer-dan-18-000-euro-ingezameld-voor-alzheimeronderzoek-tijdens-feestavond","status":"publish","type":"post","link":"https:\/\/stopalzheimer.be\/fr\/meer-dan-18-000-euro-ingezameld-voor-alzheimeronderzoek-tijdens-feestavond\/","title":{"rendered":"Meer dan 18.000 euro ingezameld voor alzheimeronderzoek tijdens feestavond"},"content":{"rendered":"<p>Het benefietevenement \u201cStop Alzheimer Samen\u201d in Ranst heeft een bijzonder resultaat opgeleverd: er werd al 18.305 euro ingezameld voor alzheimeronderzoek. De volledige opbrengst gaat integraal naar Stopalzheimer, waar het bedrag zal worden ingezet om wetenschappelijk onderzoek naar de ziekte te financieren.<\/p>\n\n\n\n<p>Dit indrukwekkende resultaat toont hoeveel solidariteit en betrokkenheid er leeft binnen de lokale gemeenschap. Dankzij de massale steun van aanwezigen en sympathisanten wordt een belangrijke bijdrage geleverd aan de ontwikkeling van betere diagnoses, behandelingen en hopelijk ooit een oplossing voor alzheimer.<\/p>\n\n\n\n<h2 class=\"wp-block-heading\">Een warme en verbindende avond<\/h2>\n\n\n\n<p>Het evenement vond afgelopen weekend plaats op een symbolische locatie: het voormalige magazijn van ondernemer Jef Meeus in Achterlo (Ranst). De plek waar hij jarenlang zijn bedrijf uitbouwde, werd voor \u00e9\u00e9n avond omgevormd tot een bruisende ontmoetingsplaats.<\/p>\n\n\n\n<p>Bezoekers genoten van livemuziek en dj-sets, maar vooral van de warme sfeer en het gevoel van verbondenheid. Familie, vrienden en buurtbewoners kwamen samen voor een gemeenschappelijk doel: steun bieden aan de strijd tegen alzheimer. Het werd een avond waar muziek, herinneringen en engagement hand in hand gingen.<\/p>\n\n\n\n<figure class=\"wp-block-image size-large is-resized\"><img fetchpriority=\"high\" decoding=\"async\" width=\"1024\" height=\"768\" src=\"https:\/\/stopalzheimer.be\/wp-content\/uploads\/2026\/04\/WhatsApp-Image-2026-04-19-at-16.10.45-1024x768.jpeg\" alt=\"\" class=\"wp-image-6528\" style=\"width:541px;height:auto\" srcset=\"https:\/\/stopalzheimer.be\/wp-content\/uploads\/2026\/04\/WhatsApp-Image-2026-04-19-at-16.10.45-1024x768.jpeg 1024w, https:\/\/stopalzheimer.be\/wp-content\/uploads\/2026\/04\/WhatsApp-Image-2026-04-19-at-16.10.45-300x225.jpeg 300w, https:\/\/stopalzheimer.be\/wp-content\/uploads\/2026\/04\/WhatsApp-Image-2026-04-19-at-16.10.45-768x576.jpeg 768w, https:\/\/stopalzheimer.be\/wp-content\/uploads\/2026\/04\/WhatsApp-Image-2026-04-19-at-16.10.45-1536x1152.jpeg 1536w, https:\/\/stopalzheimer.be\/wp-content\/uploads\/2026\/04\/WhatsApp-Image-2026-04-19-at-16.10.45-16x12.jpeg 16w, https:\/\/stopalzheimer.be\/wp-content\/uploads\/2026\/04\/WhatsApp-Image-2026-04-19-at-16.10.45.jpeg 2000w\" sizes=\"(max-width: 1024px) 100vw, 1024px\" \/><\/figure>\n\n\n\n<h2 class=\"wp-block-heading\">Een persoonlijke motivatie<\/h2>\n\n\n\n<p>Achter het initiatief staat een sterk en persoonlijk verhaal. De dochters en kleindochter van Jef Meeus sloegen de handen in elkaar om deze actie op poten te zetten. Jef, vandaag 78 jaar, leeft al tien jaar met alzheimer.<\/p>\n\n\n\n<p>Voor zijn familie is de ziekte meer dan een medische diagnose. Alzheimer tast niet alleen het geheugen aan, maar neemt langzaam ook een stukje weg van de persoon die je zo goed kent en liefhebt.<\/p>\n\n\n\n<p>\u201cOnze papa is er nog fysiek, maar zijn geest is langzaam verdwenen,\u201d klinkt het. Herinneringen, herkenning en gesprekken vervagen stukje bij beetje.<\/p>\n\n\n\n<p>De ziekte treft niet alleen wie ermee leeft, maar ook de familie en iedereen rondom hen. Die machteloosheid vormde net de drijfveer om in actie te komen. \u201cMet deze inzamelactie willen we niet alleen onze papa steunen, maar ook alle families die dagelijks met alzheimer geconfronteerd worden,\u201d vertelt kleindochter Lien.<\/p>\n\n\n\n<p><\/p>","protected":false},"excerpt":{"rendered":"<p>Het benefietevenement \u201cStop Alzheimer Samen\u201d in Ranst heeft een bijzonder resultaat opgeleverd: er werd al 18.305 euro ingezameld voor alzheimeronderzoek. De volledige opbrengst gaat integraal naar Stopalzheimer, waar het bedrag zal worden ingezet om wetenschappelijk onderzoek naar de ziekte te financieren. Dit indrukwekkende resultaat toont hoeveel solidariteit en betrokkenheid er leeft binnen de lokale gemeenschap. [&hellip;]<\/p>\n","protected":false},"author":7,"featured_media":6529,"comment_status":"closed","ping_status":"closed","sticky":false,"template":"","format":"standard","meta":{"_acf_changed":false,"footnotes":""},"categories":[8],"tags":[],"locatie":[26],"class_list":["post-6517","post","type-post","status-publish","format-standard","has-post-thumbnail","hentry","category-evenementen","locatie-homepage"],"acf":[],"yoast_head":"<!-- This site is optimized with the Yoast SEO plugin v27.4 - https:\/\/yoast.com\/product\/yoast-seo-wordpress\/ -->\n<title>Meer dan 18.000 euro ingezameld voor alzheimeronderzoek tijdens feestavond - Stop Alzheimer<\/title>\n<meta name=\"description\" content=\"Benefietevenement \u201cStop Alzheimer Samen\u201d in Ranst brengt meer dan \u20ac18.000 op voor onderzoek. Een warme avond vol solidariteit, muziek en een persoonlijk verhaal.\" \/>\n<meta name=\"robots\" content=\"index, follow, max-snippet:-1, max-image-preview:large, max-video-preview:-1\" \/>\n<link rel=\"canonical\" href=\"https:\/\/stopalzheimer.be\/fr\/meer-dan-18-000-euro-ingezameld-voor-alzheimeronderzoek-tijdens-feestavond\/\" \/>\n<meta property=\"og:locale\" content=\"fr_FR\" \/>\n<meta property=\"og:type\" content=\"article\" \/>\n<meta property=\"og:title\" content=\"Meer dan 18.000 euro ingezameld voor alzheimeronderzoek tijdens feestavond - Stop Alzheimer\" \/>\n<meta property=\"og:description\" content=\"Benefietevenement \u201cStop Alzheimer Samen\u201d in Ranst brengt meer dan \u20ac18.000 op voor onderzoek. Een warme avond vol solidariteit, muziek en een persoonlijk verhaal.\" \/>\n<meta property=\"og:url\" content=\"https:\/\/stopalzheimer.be\/fr\/meer-dan-18-000-euro-ingezameld-voor-alzheimeronderzoek-tijdens-feestavond\/\" \/>\n<meta property=\"og:site_name\" content=\"Stop Alzheimer\" \/>\n<meta property=\"article:publisher\" content=\"https:\/\/www.facebook.com\/StichtingAlzheimerOnderzoek\/\" \/>\n<meta property=\"article:published_time\" content=\"2026-04-27T06:43:03+00:00\" \/>\n<meta property=\"article:modified_time\" content=\"2026-04-27T06:43:04+00:00\" \/>\n<meta property=\"og:image\" content=\"https:\/\/stopalzheimer.be\/wp-content\/uploads\/2026\/04\/stop2.jpeg\" \/>\n\t<meta property=\"og:image:width\" content=\"1440\" \/>\n\t<meta property=\"og:image:height\" content=\"1080\" \/>\n\t<meta property=\"og:image:type\" content=\"image\/jpeg\" \/>\n<meta name=\"author\" content=\"Bernd\" \/>\n<meta name=\"twitter:card\" content=\"summary_large_image\" \/>\n<meta name=\"twitter:label1\" content=\"\u00c9crit par\" \/>\n\t<meta name=\"twitter:data1\" content=\"Bernd\" \/>\n\t<meta name=\"twitter:label2\" content=\"Dur\u00e9e de lecture estim\u00e9e\" \/>\n\t<meta name=\"twitter:data2\" content=\"2 minutes\" \/>\n<script type=\"application\/ld+json\" class=\"yoast-schema-graph\">{\"@context\":\"https:\\\/\\\/schema.org\",\"@graph\":[{\"@type\":\"Article\",\"@id\":\"https:\\\/\\\/stopalzheimer.be\\\/meer-dan-18-000-euro-ingezameld-voor-alzheimeronderzoek-tijdens-feestavond\\\/#article\",\"isPartOf\":{\"@id\":\"https:\\\/\\\/stopalzheimer.be\\\/meer-dan-18-000-euro-ingezameld-voor-alzheimeronderzoek-tijdens-feestavond\\\/\"},\"author\":{\"name\":\"Bernd\",\"@id\":\"https:\\\/\\\/stopalzheimer.be\\\/fr\\\/#\\\/schema\\\/person\\\/2e922ff2e296738de97c28a83385a6f3\"},\"headline\":\"Meer dan 18.000 euro ingezameld voor alzheimeronderzoek tijdens feestavond\",\"datePublished\":\"2026-04-27T06:43:03+00:00\",\"dateModified\":\"2026-04-27T06:43:04+00:00\",\"mainEntityOfPage\":{\"@id\":\"https:\\\/\\\/stopalzheimer.be\\\/meer-dan-18-000-euro-ingezameld-voor-alzheimeronderzoek-tijdens-feestavond\\\/\"},\"wordCount\":325,\"publisher\":{\"@id\":\"https:\\\/\\\/stopalzheimer.be\\\/fr\\\/#organization\"},\"image\":{\"@id\":\"https:\\\/\\\/stopalzheimer.be\\\/meer-dan-18-000-euro-ingezameld-voor-alzheimeronderzoek-tijdens-feestavond\\\/#primaryimage\"},\"thumbnailUrl\":\"https:\\\/\\\/stopalzheimer.be\\\/wp-content\\\/uploads\\\/2026\\\/04\\\/stop2.jpeg\",\"articleSection\":[\"Evenementen\"],\"inLanguage\":\"fr-FR\"},{\"@type\":\"WebPage\",\"@id\":\"https:\\\/\\\/stopalzheimer.be\\\/meer-dan-18-000-euro-ingezameld-voor-alzheimeronderzoek-tijdens-feestavond\\\/\",\"url\":\"https:\\\/\\\/stopalzheimer.be\\\/meer-dan-18-000-euro-ingezameld-voor-alzheimeronderzoek-tijdens-feestavond\\\/\",\"name\":\"Meer dan 18.000 euro ingezameld voor alzheimeronderzoek tijdens feestavond - Stop Alzheimer\",\"isPartOf\":{\"@id\":\"https:\\\/\\\/stopalzheimer.be\\\/fr\\\/#website\"},\"primaryImageOfPage\":{\"@id\":\"https:\\\/\\\/stopalzheimer.be\\\/meer-dan-18-000-euro-ingezameld-voor-alzheimeronderzoek-tijdens-feestavond\\\/#primaryimage\"},\"image\":{\"@id\":\"https:\\\/\\\/stopalzheimer.be\\\/meer-dan-18-000-euro-ingezameld-voor-alzheimeronderzoek-tijdens-feestavond\\\/#primaryimage\"},\"thumbnailUrl\":\"https:\\\/\\\/stopalzheimer.be\\\/wp-content\\\/uploads\\\/2026\\\/04\\\/stop2.jpeg\",\"datePublished\":\"2026-04-27T06:43:03+00:00\",\"dateModified\":\"2026-04-27T06:43:04+00:00\",\"description\":\"Benefietevenement \u201cStop Alzheimer Samen\u201d in Ranst brengt meer dan \u20ac18.000 op voor onderzoek. Een warme avond vol solidariteit, muziek en een persoonlijk verhaal.\",\"breadcrumb\":{\"@id\":\"https:\\\/\\\/stopalzheimer.be\\\/meer-dan-18-000-euro-ingezameld-voor-alzheimeronderzoek-tijdens-feestavond\\\/#breadcrumb\"},\"inLanguage\":\"fr-FR\",\"potentialAction\":[{\"@type\":\"ReadAction\",\"target\":[\"https:\\\/\\\/stopalzheimer.be\\\/meer-dan-18-000-euro-ingezameld-voor-alzheimeronderzoek-tijdens-feestavond\\\/\"]}]},{\"@type\":\"ImageObject\",\"inLanguage\":\"fr-FR\",\"@id\":\"https:\\\/\\\/stopalzheimer.be\\\/meer-dan-18-000-euro-ingezameld-voor-alzheimeronderzoek-tijdens-feestavond\\\/#primaryimage\",\"url\":\"https:\\\/\\\/stopalzheimer.be\\\/wp-content\\\/uploads\\\/2026\\\/04\\\/stop2.jpeg\",\"contentUrl\":\"https:\\\/\\\/stopalzheimer.be\\\/wp-content\\\/uploads\\\/2026\\\/04\\\/stop2.jpeg\",\"width\":1440,\"height\":1080},{\"@type\":\"BreadcrumbList\",\"@id\":\"https:\\\/\\\/stopalzheimer.be\\\/meer-dan-18-000-euro-ingezameld-voor-alzheimeronderzoek-tijdens-feestavond\\\/#breadcrumb\",\"itemListElement\":[{\"@type\":\"ListItem\",\"position\":1,\"name\":\"Home\",\"item\":\"https:\\\/\\\/stopalzheimer.be\\\/\"},{\"@type\":\"ListItem\",\"position\":2,\"name\":\"Meer dan 18.000 euro ingezameld voor alzheimeronderzoek tijdens feestavond\"}]},{\"@type\":\"WebSite\",\"@id\":\"https:\\\/\\\/stopalzheimer.be\\\/fr\\\/#website\",\"url\":\"https:\\\/\\\/stopalzheimer.be\\\/fr\\\/\",\"name\":\"Stop Alzheimer\",\"description\":\"Stichting Alzheimer Onderzoek\",\"publisher\":{\"@id\":\"https:\\\/\\\/stopalzheimer.be\\\/fr\\\/#organization\"},\"potentialAction\":[{\"@type\":\"SearchAction\",\"target\":{\"@type\":\"EntryPoint\",\"urlTemplate\":\"https:\\\/\\\/stopalzheimer.be\\\/fr\\\/?s={search_term_string}\"},\"query-input\":{\"@type\":\"PropertyValueSpecification\",\"valueRequired\":true,\"valueName\":\"search_term_string\"}}],\"inLanguage\":\"fr-FR\"},{\"@type\":\"Organization\",\"@id\":\"https:\\\/\\\/stopalzheimer.be\\\/fr\\\/#organization\",\"name\":\"Stop Alzheimer\",\"url\":\"https:\\\/\\\/stopalzheimer.be\\\/fr\\\/\",\"logo\":{\"@type\":\"ImageObject\",\"inLanguage\":\"fr-FR\",\"@id\":\"https:\\\/\\\/stopalzheimer.be\\\/fr\\\/#\\\/schema\\\/logo\\\/image\\\/\",\"url\":\"https:\\\/\\\/stopalzheimer.be\\\/wp-content\\\/uploads\\\/2025\\\/04\\\/241021_Alzheimer_logoNL_NEW.png\",\"contentUrl\":\"https:\\\/\\\/stopalzheimer.be\\\/wp-content\\\/uploads\\\/2025\\\/04\\\/241021_Alzheimer_logoNL_NEW.png\",\"width\":2362,\"height\":515,\"caption\":\"Stop Alzheimer\"},\"image\":{\"@id\":\"https:\\\/\\\/stopalzheimer.be\\\/fr\\\/#\\\/schema\\\/logo\\\/image\\\/\"},\"sameAs\":[\"https:\\\/\\\/www.facebook.com\\\/StichtingAlzheimerOnderzoek\\\/\",\"https:\\\/\\\/www.youtube.com\\\/@stichtingalzheimeronderzoe3860\\\/videos\",\"https:\\\/\\\/be.linkedin.com\\\/in\\\/stichting-alzheimer-onderzoek-fondation-recherche-alzheimer-8760b61a4\"]},{\"@type\":\"Person\",\"@id\":\"https:\\\/\\\/stopalzheimer.be\\\/fr\\\/#\\\/schema\\\/person\\\/2e922ff2e296738de97c28a83385a6f3\",\"name\":\"Bernd\",\"image\":{\"@type\":\"ImageObject\",\"inLanguage\":\"fr-FR\",\"@id\":\"https:\\\/\\\/secure.gravatar.com\\\/avatar\\\/e07ad5bf22aaf313b504a18b65452d576662d6f081370ed935a92a81723a6cb6?s=96&d=mm&r=g\",\"url\":\"https:\\\/\\\/secure.gravatar.com\\\/avatar\\\/e07ad5bf22aaf313b504a18b65452d576662d6f081370ed935a92a81723a6cb6?s=96&d=mm&r=g\",\"contentUrl\":\"https:\\\/\\\/secure.gravatar.com\\\/avatar\\\/e07ad5bf22aaf313b504a18b65452d576662d6f081370ed935a92a81723a6cb6?s=96&d=mm&r=g\",\"caption\":\"Bernd\"},\"url\":\"https:\\\/\\\/stopalzheimer.be\\\/fr\\\/author\\\/bernd\\\/\"}]}<\/script>\n<!-- \/ Yoast SEO plugin. -->","yoast_head_json":{"title":"Meer dan 18.000 euro ingezameld voor alzheimeronderzoek tijdens feestavond - Stop Alzheimer","description":"Benefietevenement \u201cStop Alzheimer Samen\u201d in Ranst brengt meer dan \u20ac18.000 op voor onderzoek. Een warme avond vol solidariteit, muziek en een persoonlijk verhaal.","robots":{"index":"index","follow":"follow","max-snippet":"max-snippet:-1","max-image-preview":"max-image-preview:large","max-video-preview":"max-video-preview:-1"},"canonical":"https:\/\/stopalzheimer.be\/fr\/meer-dan-18-000-euro-ingezameld-voor-alzheimeronderzoek-tijdens-feestavond\/","og_locale":"fr_FR","og_type":"article","og_title":"Meer dan 18.000 euro ingezameld voor alzheimeronderzoek tijdens feestavond - Stop Alzheimer","og_description":"Benefietevenement \u201cStop Alzheimer Samen\u201d in Ranst brengt meer dan \u20ac18.000 op voor onderzoek. Een warme avond vol solidariteit, muziek en een persoonlijk verhaal.","og_url":"https:\/\/stopalzheimer.be\/fr\/meer-dan-18-000-euro-ingezameld-voor-alzheimeronderzoek-tijdens-feestavond\/","og_site_name":"Stop Alzheimer","article_publisher":"https:\/\/www.facebook.com\/StichtingAlzheimerOnderzoek\/","article_published_time":"2026-04-27T06:43:03+00:00","article_modified_time":"2026-04-27T06:43:04+00:00","og_image":[{"width":1440,"height":1080,"url":"https:\/\/stopalzheimer.be\/wp-content\/uploads\/2026\/04\/stop2.jpeg","type":"image\/jpeg"}],"author":"Bernd","twitter_card":"summary_large_image","twitter_misc":{"\u00c9crit par":"Bernd","Dur\u00e9e de lecture estim\u00e9e":"2 minutes"},"schema":{"@context":"https:\/\/schema.org","@graph":[{"@type":"Article","@id":"https:\/\/stopalzheimer.be\/meer-dan-18-000-euro-ingezameld-voor-alzheimeronderzoek-tijdens-feestavond\/#article","isPartOf":{"@id":"https:\/\/stopalzheimer.be\/meer-dan-18-000-euro-ingezameld-voor-alzheimeronderzoek-tijdens-feestavond\/"},"author":{"name":"Bernd","@id":"https:\/\/stopalzheimer.be\/fr\/#\/schema\/person\/2e922ff2e296738de97c28a83385a6f3"},"headline":"Meer dan 18.000 euro ingezameld voor alzheimeronderzoek tijdens feestavond","datePublished":"2026-04-27T06:43:03+00:00","dateModified":"2026-04-27T06:43:04+00:00","mainEntityOfPage":{"@id":"https:\/\/stopalzheimer.be\/meer-dan-18-000-euro-ingezameld-voor-alzheimeronderzoek-tijdens-feestavond\/"},"wordCount":325,"publisher":{"@id":"https:\/\/stopalzheimer.be\/fr\/#organization"},"image":{"@id":"https:\/\/stopalzheimer.be\/meer-dan-18-000-euro-ingezameld-voor-alzheimeronderzoek-tijdens-feestavond\/#primaryimage"},"thumbnailUrl":"https:\/\/stopalzheimer.be\/wp-content\/uploads\/2026\/04\/stop2.jpeg","articleSection":["Evenementen"],"inLanguage":"fr-FR"},{"@type":"WebPage","@id":"https:\/\/stopalzheimer.be\/meer-dan-18-000-euro-ingezameld-voor-alzheimeronderzoek-tijdens-feestavond\/","url":"https:\/\/stopalzheimer.be\/meer-dan-18-000-euro-ingezameld-voor-alzheimeronderzoek-tijdens-feestavond\/","name":"Meer dan 18.000 euro ingezameld voor alzheimeronderzoek tijdens feestavond - Stop Alzheimer","isPartOf":{"@id":"https:\/\/stopalzheimer.be\/fr\/#website"},"primaryImageOfPage":{"@id":"https:\/\/stopalzheimer.be\/meer-dan-18-000-euro-ingezameld-voor-alzheimeronderzoek-tijdens-feestavond\/#primaryimage"},"image":{"@id":"https:\/\/stopalzheimer.be\/meer-dan-18-000-euro-ingezameld-voor-alzheimeronderzoek-tijdens-feestavond\/#primaryimage"},"thumbnailUrl":"https:\/\/stopalzheimer.be\/wp-content\/uploads\/2026\/04\/stop2.jpeg","datePublished":"2026-04-27T06:43:03+00:00","dateModified":"2026-04-27T06:43:04+00:00","description":"Benefietevenement \u201cStop Alzheimer Samen\u201d in Ranst brengt meer dan \u20ac18.000 op voor onderzoek. Een warme avond vol solidariteit, muziek en een persoonlijk verhaal.","breadcrumb":{"@id":"https:\/\/stopalzheimer.be\/meer-dan-18-000-euro-ingezameld-voor-alzheimeronderzoek-tijdens-feestavond\/#breadcrumb"},"inLanguage":"fr-FR","potentialAction":[{"@type":"ReadAction","target":["https:\/\/stopalzheimer.be\/meer-dan-18-000-euro-ingezameld-voor-alzheimeronderzoek-tijdens-feestavond\/"]}]},{"@type":"ImageObject","inLanguage":"fr-FR","@id":"https:\/\/stopalzheimer.be\/meer-dan-18-000-euro-ingezameld-voor-alzheimeronderzoek-tijdens-feestavond\/#primaryimage","url":"https:\/\/stopalzheimer.be\/wp-content\/uploads\/2026\/04\/stop2.jpeg","contentUrl":"https:\/\/stopalzheimer.be\/wp-content\/uploads\/2026\/04\/stop2.jpeg","width":1440,"height":1080},{"@type":"BreadcrumbList","@id":"https:\/\/stopalzheimer.be\/meer-dan-18-000-euro-ingezameld-voor-alzheimeronderzoek-tijdens-feestavond\/#breadcrumb","itemListElement":[{"@type":"ListItem","position":1,"name":"Home","item":"https:\/\/stopalzheimer.be\/"},{"@type":"ListItem","position":2,"name":"Meer dan 18.000 euro ingezameld voor alzheimeronderzoek tijdens feestavond"}]},{"@type":"WebSite","@id":"https:\/\/stopalzheimer.be\/fr\/#website","url":"https:\/\/stopalzheimer.be\/fr\/","name":"Stop Alzheimer","description":"Fondation Recherche Alzheimer","publisher":{"@id":"https:\/\/stopalzheimer.be\/fr\/#organization"},"potentialAction":[{"@type":"SearchAction","target":{"@type":"EntryPoint","urlTemplate":"https:\/\/stopalzheimer.be\/fr\/?s={search_term_string}"},"query-input":{"@type":"PropertyValueSpecification","valueRequired":true,"valueName":"search_term_string"}}],"inLanguage":"fr-FR"},{"@type":"Organization","@id":"https:\/\/stopalzheimer.be\/fr\/#organization","name":"Stop Alzheimer","url":"https:\/\/stopalzheimer.be\/fr\/","logo":{"@type":"ImageObject","inLanguage":"fr-FR","@id":"https:\/\/stopalzheimer.be\/fr\/#\/schema\/logo\/image\/","url":"https:\/\/stopalzheimer.be\/wp-content\/uploads\/2025\/04\/241021_Alzheimer_logoNL_NEW.png","contentUrl":"https:\/\/stopalzheimer.be\/wp-content\/uploads\/2025\/04\/241021_Alzheimer_logoNL_NEW.png","width":2362,"height":515,"caption":"Stop Alzheimer"},"image":{"@id":"https:\/\/stopalzheimer.be\/fr\/#\/schema\/logo\/image\/"},"sameAs":["https:\/\/www.facebook.com\/StichtingAlzheimerOnderzoek\/","https:\/\/www.youtube.com\/@stichtingalzheimeronderzoe3860\/videos","https:\/\/be.linkedin.com\/in\/stichting-alzheimer-onderzoek-fondation-recherche-alzheimer-8760b61a4"]},{"@type":"Person","@id":"https:\/\/stopalzheimer.be\/fr\/#\/schema\/person\/2e922ff2e296738de97c28a83385a6f3","name":"Bernd","image":{"@type":"ImageObject","inLanguage":"fr-FR","@id":"https:\/\/secure.gravatar.com\/avatar\/e07ad5bf22aaf313b504a18b65452d576662d6f081370ed935a92a81723a6cb6?s=96&d=mm&r=g","url":"https:\/\/secure.gravatar.com\/avatar\/e07ad5bf22aaf313b504a18b65452d576662d6f081370ed935a92a81723a6cb6?s=96&d=mm&r=g","contentUrl":"https:\/\/secure.gravatar.com\/avatar\/e07ad5bf22aaf313b504a18b65452d576662d6f081370ed935a92a81723a6cb6?s=96&d=mm&r=g","caption":"Bernd"},"url":"https:\/\/stopalzheimer.be\/fr\/author\/bernd\/"}]}},"_links":{"self":[{"href":"https:\/\/stopalzheimer.be\/fr\/wp-json\/wp\/v2\/posts\/6517","targetHints":{"allow":["GET"]}}],"collection":[{"href":"https:\/\/stopalzheimer.be\/fr\/wp-json\/wp\/v2\/posts"}],"about":[{"href":"https:\/\/stopalzheimer.be\/fr\/wp-json\/wp\/v2\/types\/post"}],"author":[{"embeddable":true,"href":"https:\/\/stopalzheimer.be\/fr\/wp-json\/wp\/v2\/users\/7"}],"replies":[{"embeddable":true,"href":"https:\/\/stopalzheimer.be\/fr\/wp-json\/wp\/v2\/comments?post=6517"}],"version-history":[{"count":3,"href":"https:\/\/stopalzheimer.be\/fr\/wp-json\/wp\/v2\/posts\/6517\/revisions"}],"predecessor-version":[{"id":6531,"href":"https:\/\/stopalzheimer.be\/fr\/wp-json\/wp\/v2\/posts\/6517\/revisions\/6531"}],"wp:featuredmedia":[{"embeddable":true,"href":"https:\/\/stopalzheimer.be\/fr\/wp-json\/wp\/v2\/media\/6529"}],"wp:attachment":[{"href":"https:\/\/stopalzheimer.be\/fr\/wp-json\/wp\/v2\/media?parent=6517"}],"wp:term":[{"taxonomy":"category","embeddable":true,"href":"https:\/\/stopalzheimer.be\/fr\/wp-json\/wp\/v2\/categories?post=6517"},{"taxonomy":"post_tag","embeddable":true,"href":"https:\/\/stopalzheimer.be\/fr\/wp-json\/wp\/v2\/tags?post=6517"},{"taxonomy":"locatie","embeddable":true,"href":"https:\/\/stopalzheimer.be\/fr\/wp-json\/wp\/v2\/locatie?post=6517"}],"curies":[{"name":"wp","href":"https:\/\/api.w.org\/{rel}","templated":true}]}}