{"id":5543,"date":"2025-09-19T14:07:38","date_gmt":"2025-09-19T12:07:38","guid":{"rendered":"https:\/\/stopalzheimer.be\/?p=5543"},"modified":"2025-09-19T14:07:39","modified_gmt":"2025-09-19T12:07:39","slug":"samen-voor-dementie-een-nieuw-hoofdstuk-in-de-strijd-tegen-alzheimer","status":"publish","type":"post","link":"https:\/\/stopalzheimer.be\/fr\/samen-voor-dementie-een-nieuw-hoofdstuk-in-de-strijd-tegen-alzheimer\/","title":{"rendered":"Samen Voor Dementie \u2013 Een nieuw hoofdstuk in de strijd tegen Alzheimer"},"content":{"rendered":"<h2 class=\"wp-block-heading\"><strong>Samen Voor Dementie \u2013 Een nieuw hoofdstuk in de strijd tegen Alzheimer<\/strong><\/h2>\n\n\n\n<p><strong>Dementie: een groeiende uitdaging<\/strong><\/p>\n\n\n\n<p>Brussel, 21 september \u2013 Dementie is een van de grootste gezondheidsuitdagingen van deze tijd. Vandaag leven in Belgi\u00eb naar schatting 220.000 mensen met dementie, en dat aantal zal in de komende tien jaar met maar liefst 20% toenemen. De impact gaat veel verder dan de pati\u00ebnt zelf: ook families, mantelzorgers en het zorgsysteem dragen de zware gevolgen van deze \u201cstille storm\u201d, zoals <strong>minister van Volksgezondheid Frank Vandenbroucke<\/strong> het onlangs treffend omschreef.<\/p>\n\n\n\n<p><strong>Meer dan medicijnen: aandacht voor levenskwaliteit<\/strong><\/p>\n\n\n\n<p>Hoewel de eerste geneesmiddelen die het ziekteproces vertragen hoopvol zijn, benadrukte minister Vandenbroucke tijdens het Congres Psychosociaal Dementie-Onderzoek en Dementiepreventie op 18 september dat dementie nog lang niet met medicatie te stoppen zal zijn. Daarom is er nood aan meer ondersteuning voor mantelzorgers, en een sterkere focus op levenskwaliteit, zowel in de thuiszorg als in woonzorgcentra.<\/p>\n\n\n\n<p><strong>Geboorte van een koepelorganisatie<\/strong><\/p>\n\n\n\n<p>Tijdens dit congres werd officieel de nieuwe koepelorganisatie \u201cSamen Voor Dementie \u2013 Ensemble Pour Alzheimer\u201d voorgesteld. Het initiatief bundelt de krachten van enkele toonaangevende organisaties: Alzheimer Belgi\u00eb, Alzheimer Liga Vlaanderen, Baluchon Alzheimer, Expertisecentrum Dementie Vlaanderen en Stopalzheimer \u2013 Stichting voor Alzheimer Onderzoek. De oprichting kreeg ook de steun van de Koning Boudewijnstichting.<\/p>\n\n\n\n<p>Volgens voorzitter Andr\u00e9 Bosmans staat de missie van de nieuwe organisatie in twee kernpunten:<\/p>\n\n\n\n<ul class=\"wp-block-list\">\n<li>Betere ondersteuning voor pati\u00ebnten en hun families.<\/li>\n<\/ul>\n\n\n\n<ul class=\"wp-block-list\">\n<li>\u00c9\u00e9n stem laten horen in de media en de politiek om meer bewustzijn en middelen voor dementiezorg en -onderzoek te verkrijgen.<\/li>\n<\/ul>\n\n\n\n<p>\u201cMet deze gezamenlijke aanpak willen we de ziekte in al haar facetten op de kaart zetten,\u201d aldus Bosmans. \u201cVan onderzoek en zorg tot educatie en politieke besluitvorming: alles is met elkaar verbonden.\u201d<\/p>\n\n\n\n<p><strong>Een traject als leidraad<\/strong><\/p>\n\n\n\n<p>De oprichters van Samen Voor Dementie maakten een grondige analyse van de noden van pati\u00ebnten, families en zorgverleners. Daaruit ontstond een ziektetraject, dat de volledige weg schetst vanaf de diagnose tot de latere fases van dementie. Het traject benadrukt de noodzaak van:<\/p>\n\n\n\n<ul class=\"wp-block-list\">\n<li>doeltreffende medicatie,<\/li>\n<\/ul>\n\n\n\n<ul class=\"wp-block-list\">\n<li>psychosociale ondersteuning,<\/li>\n<\/ul>\n\n\n\n<ul class=\"wp-block-list\">\n<li>begeleiding van mantelzorgers en families,<\/li>\n<\/ul>\n\n\n\n<ul class=\"wp-block-list\">\n<li>\u00e9n educatie voor zowel zorgprofessionals als het brede publiek.<\/li>\n<\/ul>\n\n\n\n<p>Deze analyse maakt ook duidelijk hoe de deelnemende organisaties elkaar aanvullen en versterken.<\/p>\n\n\n\n<p><strong>Oproep tot een Federaal Dementieplan<\/strong><\/p>\n\n\n\n<p>Met dit traject wil de nieuwe koepelorganisatie de basis leggen voor een Federaal Dementieplan. Een plan dat niet alleen middelen vraagt van de overheid, maar ook steun zoekt in de bredere maatschappij.<\/p>\n\n\n\n<p>Bosmans besluit hoopvol: \u201cWe kijken uit naar een vruchtbare samenwerking met de overheid om samen de nodige stappen te zetten. Want dementie is geen individueel probleem, maar een maatschappelijke uitdaging die ons allemaal raakt.\u201d<\/p>","protected":false},"excerpt":{"rendered":"<p>Samen Voor Dementie \u2013 Een nieuw hoofdstuk in de strijd tegen Alzheimer Dementie: een groeiende uitdaging Brussel, 21 september \u2013 Dementie is een van de grootste gezondheidsuitdagingen van deze tijd. Vandaag leven in Belgi\u00eb naar schatting 220.000 mensen met dementie, en dat aantal zal in de komende tien jaar met maar liefst 20% toenemen. De [&hellip;]<\/p>\n","protected":false},"author":4,"featured_media":5545,"comment_status":"closed","ping_status":"closed","sticky":false,"template":"","format":"standard","meta":{"_acf_changed":false,"footnotes":""},"categories":[35],"tags":[],"locatie":[26,28,41],"class_list":["post-5543","post","type-post","status-publish","format-standard","has-post-thumbnail","hentry","category-diverse","locatie-homepage","locatie-over-alzheimer","locatie-pers"],"acf":[],"yoast_head":"<!-- This site is optimized with the Yoast SEO plugin v27.4 - https:\/\/yoast.com\/product\/yoast-seo-wordpress\/ -->\n<title>Samen Voor Dementie \u2013 Een nieuw hoofdstuk in de strijd tegen Alzheimer - Stop Alzheimer<\/title>\n<meta name=\"robots\" content=\"index, follow, max-snippet:-1, max-image-preview:large, max-video-preview:-1\" \/>\n<link rel=\"canonical\" href=\"https:\/\/stopalzheimer.be\/fr\/samen-voor-dementie-een-nieuw-hoofdstuk-in-de-strijd-tegen-alzheimer\/\" \/>\n<meta property=\"og:locale\" content=\"fr_FR\" \/>\n<meta property=\"og:type\" content=\"article\" \/>\n<meta property=\"og:title\" content=\"Samen Voor Dementie \u2013 Een nieuw hoofdstuk in de strijd tegen Alzheimer - Stop Alzheimer\" \/>\n<meta property=\"og:description\" content=\"Samen Voor Dementie \u2013 Een nieuw hoofdstuk in de strijd tegen Alzheimer Dementie: een groeiende uitdaging Brussel, 21 september \u2013 Dementie is een van de grootste gezondheidsuitdagingen van deze tijd. Vandaag leven in Belgi\u00eb naar schatting 220.000 mensen met dementie, en dat aantal zal in de komende tien jaar met maar liefst 20% toenemen. De [&hellip;]\" \/>\n<meta property=\"og:url\" content=\"https:\/\/stopalzheimer.be\/fr\/samen-voor-dementie-een-nieuw-hoofdstuk-in-de-strijd-tegen-alzheimer\/\" \/>\n<meta property=\"og:site_name\" content=\"Stop Alzheimer\" \/>\n<meta property=\"article:publisher\" content=\"https:\/\/www.facebook.com\/StichtingAlzheimerOnderzoek\/\" \/>\n<meta property=\"article:published_time\" content=\"2025-09-19T12:07:38+00:00\" \/>\n<meta property=\"article:modified_time\" content=\"2025-09-19T12:07:39+00:00\" \/>\n<meta property=\"og:image\" content=\"https:\/\/stopalzheimer.be\/wp-content\/uploads\/2025\/09\/5Y3A1601-scaled.jpg\" \/>\n\t<meta property=\"og:image:width\" content=\"2048\" \/>\n\t<meta property=\"og:image:height\" content=\"2560\" \/>\n\t<meta property=\"og:image:type\" content=\"image\/jpeg\" \/>\n<meta name=\"author\" content=\"soumaya\" \/>\n<meta name=\"twitter:card\" content=\"summary_large_image\" \/>\n<meta name=\"twitter:label1\" content=\"\u00c9crit par\" \/>\n\t<meta name=\"twitter:data1\" content=\"soumaya\" \/>\n\t<meta name=\"twitter:label2\" content=\"Dur\u00e9e de lecture estim\u00e9e\" \/>\n\t<meta name=\"twitter:data2\" content=\"3 minutes\" \/>\n<script type=\"application\/ld+json\" class=\"yoast-schema-graph\">{\"@context\":\"https:\\\/\\\/schema.org\",\"@graph\":[{\"@type\":\"Article\",\"@id\":\"https:\\\/\\\/stopalzheimer.be\\\/nl\\\/samen-voor-dementie-een-nieuw-hoofdstuk-in-de-strijd-tegen-alzheimer\\\/#article\",\"isPartOf\":{\"@id\":\"https:\\\/\\\/stopalzheimer.be\\\/nl\\\/samen-voor-dementie-een-nieuw-hoofdstuk-in-de-strijd-tegen-alzheimer\\\/\"},\"author\":{\"name\":\"soumaya\",\"@id\":\"https:\\\/\\\/stopalzheimer.be\\\/fr\\\/#\\\/schema\\\/person\\\/2b6d2165b20374904f1427049d1d94fb\"},\"headline\":\"Samen Voor Dementie \u2013 Een nieuw hoofdstuk in de strijd tegen Alzheimer\",\"datePublished\":\"2025-09-19T12:07:38+00:00\",\"dateModified\":\"2025-09-19T12:07:39+00:00\",\"mainEntityOfPage\":{\"@id\":\"https:\\\/\\\/stopalzheimer.be\\\/nl\\\/samen-voor-dementie-een-nieuw-hoofdstuk-in-de-strijd-tegen-alzheimer\\\/\"},\"wordCount\":433,\"publisher\":{\"@id\":\"https:\\\/\\\/stopalzheimer.be\\\/fr\\\/#organization\"},\"image\":{\"@id\":\"https:\\\/\\\/stopalzheimer.be\\\/nl\\\/samen-voor-dementie-een-nieuw-hoofdstuk-in-de-strijd-tegen-alzheimer\\\/#primaryimage\"},\"thumbnailUrl\":\"https:\\\/\\\/stopalzheimer.be\\\/wp-content\\\/uploads\\\/2025\\\/09\\\/5Y3A1601-scaled.jpg\",\"articleSection\":[\"Diverse\"],\"inLanguage\":\"fr-FR\"},{\"@type\":\"WebPage\",\"@id\":\"https:\\\/\\\/stopalzheimer.be\\\/nl\\\/samen-voor-dementie-een-nieuw-hoofdstuk-in-de-strijd-tegen-alzheimer\\\/\",\"url\":\"https:\\\/\\\/stopalzheimer.be\\\/nl\\\/samen-voor-dementie-een-nieuw-hoofdstuk-in-de-strijd-tegen-alzheimer\\\/\",\"name\":\"Samen Voor Dementie \u2013 Een nieuw hoofdstuk in de strijd tegen Alzheimer - Stop Alzheimer\",\"isPartOf\":{\"@id\":\"https:\\\/\\\/stopalzheimer.be\\\/fr\\\/#website\"},\"primaryImageOfPage\":{\"@id\":\"https:\\\/\\\/stopalzheimer.be\\\/nl\\\/samen-voor-dementie-een-nieuw-hoofdstuk-in-de-strijd-tegen-alzheimer\\\/#primaryimage\"},\"image\":{\"@id\":\"https:\\\/\\\/stopalzheimer.be\\\/nl\\\/samen-voor-dementie-een-nieuw-hoofdstuk-in-de-strijd-tegen-alzheimer\\\/#primaryimage\"},\"thumbnailUrl\":\"https:\\\/\\\/stopalzheimer.be\\\/wp-content\\\/uploads\\\/2025\\\/09\\\/5Y3A1601-scaled.jpg\",\"datePublished\":\"2025-09-19T12:07:38+00:00\",\"dateModified\":\"2025-09-19T12:07:39+00:00\",\"breadcrumb\":{\"@id\":\"https:\\\/\\\/stopalzheimer.be\\\/nl\\\/samen-voor-dementie-een-nieuw-hoofdstuk-in-de-strijd-tegen-alzheimer\\\/#breadcrumb\"},\"inLanguage\":\"fr-FR\",\"potentialAction\":[{\"@type\":\"ReadAction\",\"target\":[\"https:\\\/\\\/stopalzheimer.be\\\/nl\\\/samen-voor-dementie-een-nieuw-hoofdstuk-in-de-strijd-tegen-alzheimer\\\/\"]}]},{\"@type\":\"ImageObject\",\"inLanguage\":\"fr-FR\",\"@id\":\"https:\\\/\\\/stopalzheimer.be\\\/nl\\\/samen-voor-dementie-een-nieuw-hoofdstuk-in-de-strijd-tegen-alzheimer\\\/#primaryimage\",\"url\":\"https:\\\/\\\/stopalzheimer.be\\\/wp-content\\\/uploads\\\/2025\\\/09\\\/5Y3A1601-scaled.jpg\",\"contentUrl\":\"https:\\\/\\\/stopalzheimer.be\\\/wp-content\\\/uploads\\\/2025\\\/09\\\/5Y3A1601-scaled.jpg\",\"width\":2048,\"height\":2560},{\"@type\":\"BreadcrumbList\",\"@id\":\"https:\\\/\\\/stopalzheimer.be\\\/nl\\\/samen-voor-dementie-een-nieuw-hoofdstuk-in-de-strijd-tegen-alzheimer\\\/#breadcrumb\",\"itemListElement\":[{\"@type\":\"ListItem\",\"position\":1,\"name\":\"Home\",\"item\":\"https:\\\/\\\/stopalzheimer.be\\\/\"},{\"@type\":\"ListItem\",\"position\":2,\"name\":\"Samen Voor Dementie \u2013 Een nieuw hoofdstuk in de strijd tegen Alzheimer\"}]},{\"@type\":\"WebSite\",\"@id\":\"https:\\\/\\\/stopalzheimer.be\\\/fr\\\/#website\",\"url\":\"https:\\\/\\\/stopalzheimer.be\\\/fr\\\/\",\"name\":\"Stop Alzheimer\",\"description\":\"Stichting Alzheimer Onderzoek\",\"publisher\":{\"@id\":\"https:\\\/\\\/stopalzheimer.be\\\/fr\\\/#organization\"},\"potentialAction\":[{\"@type\":\"SearchAction\",\"target\":{\"@type\":\"EntryPoint\",\"urlTemplate\":\"https:\\\/\\\/stopalzheimer.be\\\/fr\\\/?s={search_term_string}\"},\"query-input\":{\"@type\":\"PropertyValueSpecification\",\"valueRequired\":true,\"valueName\":\"search_term_string\"}}],\"inLanguage\":\"fr-FR\"},{\"@type\":\"Organization\",\"@id\":\"https:\\\/\\\/stopalzheimer.be\\\/fr\\\/#organization\",\"name\":\"Stop Alzheimer\",\"url\":\"https:\\\/\\\/stopalzheimer.be\\\/fr\\\/\",\"logo\":{\"@type\":\"ImageObject\",\"inLanguage\":\"fr-FR\",\"@id\":\"https:\\\/\\\/stopalzheimer.be\\\/fr\\\/#\\\/schema\\\/logo\\\/image\\\/\",\"url\":\"https:\\\/\\\/stopalzheimer.be\\\/wp-content\\\/uploads\\\/2025\\\/04\\\/241021_Alzheimer_logoNL_NEW.png\",\"contentUrl\":\"https:\\\/\\\/stopalzheimer.be\\\/wp-content\\\/uploads\\\/2025\\\/04\\\/241021_Alzheimer_logoNL_NEW.png\",\"width\":2362,\"height\":515,\"caption\":\"Stop Alzheimer\"},\"image\":{\"@id\":\"https:\\\/\\\/stopalzheimer.be\\\/fr\\\/#\\\/schema\\\/logo\\\/image\\\/\"},\"sameAs\":[\"https:\\\/\\\/www.facebook.com\\\/StichtingAlzheimerOnderzoek\\\/\",\"https:\\\/\\\/www.youtube.com\\\/@stichtingalzheimeronderzoe3860\\\/videos\",\"https:\\\/\\\/be.linkedin.com\\\/in\\\/stichting-alzheimer-onderzoek-fondation-recherche-alzheimer-8760b61a4\"]},{\"@type\":\"Person\",\"@id\":\"https:\\\/\\\/stopalzheimer.be\\\/fr\\\/#\\\/schema\\\/person\\\/2b6d2165b20374904f1427049d1d94fb\",\"name\":\"soumaya\",\"image\":{\"@type\":\"ImageObject\",\"inLanguage\":\"fr-FR\",\"@id\":\"https:\\\/\\\/secure.gravatar.com\\\/avatar\\\/8f5a0530636f344b3ec7afcb52768eacaa2f1bc78eb9b753ec880dcf99b900d7?s=96&d=mm&r=g\",\"url\":\"https:\\\/\\\/secure.gravatar.com\\\/avatar\\\/8f5a0530636f344b3ec7afcb52768eacaa2f1bc78eb9b753ec880dcf99b900d7?s=96&d=mm&r=g\",\"contentUrl\":\"https:\\\/\\\/secure.gravatar.com\\\/avatar\\\/8f5a0530636f344b3ec7afcb52768eacaa2f1bc78eb9b753ec880dcf99b900d7?s=96&d=mm&r=g\",\"caption\":\"soumaya\"},\"url\":\"https:\\\/\\\/stopalzheimer.be\\\/fr\\\/author\\\/soumayastopalzheimer-be\\\/\"}]}<\/script>\n<!-- \/ Yoast SEO plugin. -->","yoast_head_json":{"title":"Samen Voor Dementie \u2013 Een nieuw hoofdstuk in de strijd tegen Alzheimer - Stop Alzheimer","robots":{"index":"index","follow":"follow","max-snippet":"max-snippet:-1","max-image-preview":"max-image-preview:large","max-video-preview":"max-video-preview:-1"},"canonical":"https:\/\/stopalzheimer.be\/fr\/samen-voor-dementie-een-nieuw-hoofdstuk-in-de-strijd-tegen-alzheimer\/","og_locale":"fr_FR","og_type":"article","og_title":"Samen Voor Dementie \u2013 Een nieuw hoofdstuk in de strijd tegen Alzheimer - Stop Alzheimer","og_description":"Samen Voor Dementie \u2013 Een nieuw hoofdstuk in de strijd tegen Alzheimer Dementie: een groeiende uitdaging Brussel, 21 september \u2013 Dementie is een van de grootste gezondheidsuitdagingen van deze tijd. Vandaag leven in Belgi\u00eb naar schatting 220.000 mensen met dementie, en dat aantal zal in de komende tien jaar met maar liefst 20% toenemen. De [&hellip;]","og_url":"https:\/\/stopalzheimer.be\/fr\/samen-voor-dementie-een-nieuw-hoofdstuk-in-de-strijd-tegen-alzheimer\/","og_site_name":"Stop Alzheimer","article_publisher":"https:\/\/www.facebook.com\/StichtingAlzheimerOnderzoek\/","article_published_time":"2025-09-19T12:07:38+00:00","article_modified_time":"2025-09-19T12:07:39+00:00","og_image":[{"width":2048,"height":2560,"url":"https:\/\/stopalzheimer.be\/wp-content\/uploads\/2025\/09\/5Y3A1601-scaled.jpg","type":"image\/jpeg"}],"author":"soumaya","twitter_card":"summary_large_image","twitter_misc":{"\u00c9crit par":"soumaya","Dur\u00e9e de lecture estim\u00e9e":"3 minutes"},"schema":{"@context":"https:\/\/schema.org","@graph":[{"@type":"Article","@id":"https:\/\/stopalzheimer.be\/nl\/samen-voor-dementie-een-nieuw-hoofdstuk-in-de-strijd-tegen-alzheimer\/#article","isPartOf":{"@id":"https:\/\/stopalzheimer.be\/nl\/samen-voor-dementie-een-nieuw-hoofdstuk-in-de-strijd-tegen-alzheimer\/"},"author":{"name":"soumaya","@id":"https:\/\/stopalzheimer.be\/fr\/#\/schema\/person\/2b6d2165b20374904f1427049d1d94fb"},"headline":"Samen Voor Dementie \u2013 Een nieuw hoofdstuk in de strijd tegen Alzheimer","datePublished":"2025-09-19T12:07:38+00:00","dateModified":"2025-09-19T12:07:39+00:00","mainEntityOfPage":{"@id":"https:\/\/stopalzheimer.be\/nl\/samen-voor-dementie-een-nieuw-hoofdstuk-in-de-strijd-tegen-alzheimer\/"},"wordCount":433,"publisher":{"@id":"https:\/\/stopalzheimer.be\/fr\/#organization"},"image":{"@id":"https:\/\/stopalzheimer.be\/nl\/samen-voor-dementie-een-nieuw-hoofdstuk-in-de-strijd-tegen-alzheimer\/#primaryimage"},"thumbnailUrl":"https:\/\/stopalzheimer.be\/wp-content\/uploads\/2025\/09\/5Y3A1601-scaled.jpg","articleSection":["Diverse"],"inLanguage":"fr-FR"},{"@type":"WebPage","@id":"https:\/\/stopalzheimer.be\/nl\/samen-voor-dementie-een-nieuw-hoofdstuk-in-de-strijd-tegen-alzheimer\/","url":"https:\/\/stopalzheimer.be\/nl\/samen-voor-dementie-een-nieuw-hoofdstuk-in-de-strijd-tegen-alzheimer\/","name":"Samen Voor Dementie \u2013 Een nieuw hoofdstuk in de strijd tegen Alzheimer - Stop Alzheimer","isPartOf":{"@id":"https:\/\/stopalzheimer.be\/fr\/#website"},"primaryImageOfPage":{"@id":"https:\/\/stopalzheimer.be\/nl\/samen-voor-dementie-een-nieuw-hoofdstuk-in-de-strijd-tegen-alzheimer\/#primaryimage"},"image":{"@id":"https:\/\/stopalzheimer.be\/nl\/samen-voor-dementie-een-nieuw-hoofdstuk-in-de-strijd-tegen-alzheimer\/#primaryimage"},"thumbnailUrl":"https:\/\/stopalzheimer.be\/wp-content\/uploads\/2025\/09\/5Y3A1601-scaled.jpg","datePublished":"2025-09-19T12:07:38+00:00","dateModified":"2025-09-19T12:07:39+00:00","breadcrumb":{"@id":"https:\/\/stopalzheimer.be\/nl\/samen-voor-dementie-een-nieuw-hoofdstuk-in-de-strijd-tegen-alzheimer\/#breadcrumb"},"inLanguage":"fr-FR","potentialAction":[{"@type":"ReadAction","target":["https:\/\/stopalzheimer.be\/nl\/samen-voor-dementie-een-nieuw-hoofdstuk-in-de-strijd-tegen-alzheimer\/"]}]},{"@type":"ImageObject","inLanguage":"fr-FR","@id":"https:\/\/stopalzheimer.be\/nl\/samen-voor-dementie-een-nieuw-hoofdstuk-in-de-strijd-tegen-alzheimer\/#primaryimage","url":"https:\/\/stopalzheimer.be\/wp-content\/uploads\/2025\/09\/5Y3A1601-scaled.jpg","contentUrl":"https:\/\/stopalzheimer.be\/wp-content\/uploads\/2025\/09\/5Y3A1601-scaled.jpg","width":2048,"height":2560},{"@type":"BreadcrumbList","@id":"https:\/\/stopalzheimer.be\/nl\/samen-voor-dementie-een-nieuw-hoofdstuk-in-de-strijd-tegen-alzheimer\/#breadcrumb","itemListElement":[{"@type":"ListItem","position":1,"name":"Home","item":"https:\/\/stopalzheimer.be\/"},{"@type":"ListItem","position":2,"name":"Samen Voor Dementie \u2013 Een nieuw hoofdstuk in de strijd tegen Alzheimer"}]},{"@type":"WebSite","@id":"https:\/\/stopalzheimer.be\/fr\/#website","url":"https:\/\/stopalzheimer.be\/fr\/","name":"Stop Alzheimer","description":"Fondation Recherche Alzheimer","publisher":{"@id":"https:\/\/stopalzheimer.be\/fr\/#organization"},"potentialAction":[{"@type":"SearchAction","target":{"@type":"EntryPoint","urlTemplate":"https:\/\/stopalzheimer.be\/fr\/?s={search_term_string}"},"query-input":{"@type":"PropertyValueSpecification","valueRequired":true,"valueName":"search_term_string"}}],"inLanguage":"fr-FR"},{"@type":"Organization","@id":"https:\/\/stopalzheimer.be\/fr\/#organization","name":"Stop Alzheimer","url":"https:\/\/stopalzheimer.be\/fr\/","logo":{"@type":"ImageObject","inLanguage":"fr-FR","@id":"https:\/\/stopalzheimer.be\/fr\/#\/schema\/logo\/image\/","url":"https:\/\/stopalzheimer.be\/wp-content\/uploads\/2025\/04\/241021_Alzheimer_logoNL_NEW.png","contentUrl":"https:\/\/stopalzheimer.be\/wp-content\/uploads\/2025\/04\/241021_Alzheimer_logoNL_NEW.png","width":2362,"height":515,"caption":"Stop Alzheimer"},"image":{"@id":"https:\/\/stopalzheimer.be\/fr\/#\/schema\/logo\/image\/"},"sameAs":["https:\/\/www.facebook.com\/StichtingAlzheimerOnderzoek\/","https:\/\/www.youtube.com\/@stichtingalzheimeronderzoe3860\/videos","https:\/\/be.linkedin.com\/in\/stichting-alzheimer-onderzoek-fondation-recherche-alzheimer-8760b61a4"]},{"@type":"Person","@id":"https:\/\/stopalzheimer.be\/fr\/#\/schema\/person\/2b6d2165b20374904f1427049d1d94fb","name":"soumaya","image":{"@type":"ImageObject","inLanguage":"fr-FR","@id":"https:\/\/secure.gravatar.com\/avatar\/8f5a0530636f344b3ec7afcb52768eacaa2f1bc78eb9b753ec880dcf99b900d7?s=96&d=mm&r=g","url":"https:\/\/secure.gravatar.com\/avatar\/8f5a0530636f344b3ec7afcb52768eacaa2f1bc78eb9b753ec880dcf99b900d7?s=96&d=mm&r=g","contentUrl":"https:\/\/secure.gravatar.com\/avatar\/8f5a0530636f344b3ec7afcb52768eacaa2f1bc78eb9b753ec880dcf99b900d7?s=96&d=mm&r=g","caption":"soumaya"},"url":"https:\/\/stopalzheimer.be\/fr\/author\/soumayastopalzheimer-be\/"}]}},"_links":{"self":[{"href":"https:\/\/stopalzheimer.be\/fr\/wp-json\/wp\/v2\/posts\/5543","targetHints":{"allow":["GET"]}}],"collection":[{"href":"https:\/\/stopalzheimer.be\/fr\/wp-json\/wp\/v2\/posts"}],"about":[{"href":"https:\/\/stopalzheimer.be\/fr\/wp-json\/wp\/v2\/types\/post"}],"author":[{"embeddable":true,"href":"https:\/\/stopalzheimer.be\/fr\/wp-json\/wp\/v2\/users\/4"}],"replies":[{"embeddable":true,"href":"https:\/\/stopalzheimer.be\/fr\/wp-json\/wp\/v2\/comments?post=5543"}],"version-history":[{"count":1,"href":"https:\/\/stopalzheimer.be\/fr\/wp-json\/wp\/v2\/posts\/5543\/revisions"}],"predecessor-version":[{"id":5546,"href":"https:\/\/stopalzheimer.be\/fr\/wp-json\/wp\/v2\/posts\/5543\/revisions\/5546"}],"wp:featuredmedia":[{"embeddable":true,"href":"https:\/\/stopalzheimer.be\/fr\/wp-json\/wp\/v2\/media\/5545"}],"wp:attachment":[{"href":"https:\/\/stopalzheimer.be\/fr\/wp-json\/wp\/v2\/media?parent=5543"}],"wp:term":[{"taxonomy":"category","embeddable":true,"href":"https:\/\/stopalzheimer.be\/fr\/wp-json\/wp\/v2\/categories?post=5543"},{"taxonomy":"post_tag","embeddable":true,"href":"https:\/\/stopalzheimer.be\/fr\/wp-json\/wp\/v2\/tags?post=5543"},{"taxonomy":"locatie","embeddable":true,"href":"https:\/\/stopalzheimer.be\/fr\/wp-json\/wp\/v2\/locatie?post=5543"}],"curies":[{"name":"wp","href":"https:\/\/api.w.org\/{rel}","templated":true}]}}