{"id":3046,"date":"2024-03-08T07:55:25","date_gmt":"2024-03-08T06:55:25","guid":{"rendered":"https:\/\/stopalzheimer.be\/?p=3046"},"modified":"2024-03-08T07:55:27","modified_gmt":"2024-03-08T06:55:27","slug":"les-residents-de-la-grange-des-champs-recoltent-1710e-pour-la-recherche-sur-alzheimer","status":"publish","type":"post","link":"https:\/\/stopalzheimer.be\/fr\/les-residents-de-la-grange-des-champs-recoltent-1710e-pour-la-recherche-sur-alzheimer\/","title":{"rendered":"Les r\u00e9sidents de la Grange des Champs r\u00e9coltent 1710\u20ac pour la recherche sur Alzheimer"},"content":{"rendered":"<h2 class=\"wp-block-heading\"><strong>Les r\u00e9sidents de la Grange des Champs r\u00e9coltent 1710\u20ac pour la recherche sur Alzheimer<\/strong><\/h2>\n\n\n\n<p>Dans un \u00e9lan de solidarit\u00e9 et de g\u00e9n\u00e9rosit\u00e9, la r\u00e9sidence La Grange des Champs \u00e0 Braine-l\u2019Alleud s&#8217;est distingu\u00e9e en participant \u00e0 l&#8217;action Bake With Love. Gr\u00e2ce \u00e0 l&#8217;engagement de ses r\u00e9sidents et soignants, cette maison de repos et de soins a r\u00e9ussi \u00e0 r\u00e9colter 1710\u20ac, contribuant de mani\u00e8re significative \u00e0 l\u2019avancement des recherches sur la maladie.<\/p>\n\n\n\n<p>Derni\u00e8rement, l\u2019action Bake With Love a mobilis\u00e9 plus de 200 maisons de repos \u00e0 travers toute la Belgique.<\/p>\n\n\n\n<p>De septembre \u00e0 d\u00e9cembre, les r\u00e9sidents, accompagn\u00e9s des soignants, \u00e9taient amen\u00e9s \u00e0 collecter des fonds en vendant des p\u00e2tisseries concoct\u00e9es par leurs soins. Gr\u00e2ce \u00e0 cet incroyable \u00e9lan de solidarit\u00e9, les r\u00e9sidents ont ainsi r\u00e9colt\u00e9 pas moins de 100.000 euros permettant de financer un projet de recherche psychosociale dans son enti\u00e8ret\u00e9 et ainsi fournir des connaissances concr\u00e8tes en vue d\u2019am\u00e9liorer le quotidien des patients aujourd\u2019hui touch\u00e9s par une forme de la maladie. Une action par les r\u00e9sidents, pour les r\u00e9sidents en fin de compte&nbsp;!<\/p>\n\n\n\n<p>Situ\u00e9e \u00e0 Braine-l\u2019Alleud, la r\u00e9sidence La Grange des Champs, une maison de repos et de soins, a r\u00e9pondu favorablement \u00e0 l\u2019action Bake With Love organis\u00e9e par Stop Alzheimer, la Fondation pour la recherche sur Alzheimer et a ainsi pu contribuer de mani\u00e8re significative \u00e0 cette r\u00e9colte d\u2019argent. Gr\u00e2ce \u00e0 leur enthousiasme et leur engagement, leur participation a permis de r\u00e9colter 1.710\u20ac, qui ont directement \u00e9t\u00e9 vers\u00e9s afin de contribuer \u00e0 la recherche sur la maladie.<\/p>\n\n\n\n<p>Madame Kalgout, directrice de l\u2019\u00e9tablissement, explique\u00a0: \u00ab\u00a0<em>La maladie d\u2019Alzheimer me sensibilise par les d\u00e9fis qu&#8217;elle repr\u00e9sente, tant pour les patients que pour leurs familles et les soignants. Cette maladie neurod\u00e9g\u00e9n\u00e9rative affecte non seulement la m\u00e9moire, mais aussi d&#8217;autres fonctions cognitives essentielles, alt\u00e9rant progressivement l&#8217;autonomie et la qualit\u00e9 de vie de nos r\u00e9sidents qui en sont atteints. Il nous a sembl\u00e9 \u00e9vident de participer activement \u00e0 cette campagne de sensibilisation.\u00a0\u00bb Elle ajoute \u00ab\u00a0Chaque jour, nous proposons, individuellement ou en groupe, des animations diversifi\u00e9es et adapt\u00e9es \u00e0 nos r\u00e9sidents. Nous sommes convaincus que l\u2019activit\u00e9 cuisine est b\u00e9n\u00e9fique pour nos patients, c\u2019est pourquoi nous avons r\u00e9pondu instantan\u00e9ment \u00e0 l\u2019appel.\u00a0Nos r\u00e9sidents ont ador\u00e9 vivre chaque semaine une apr\u00e8s-midi gourmande au cours de laquelle tous ont pu go\u00fbter \u00e0 leurs confections avant de les mettre en vente. Les odeurs de cuisson des gaufres ont particuli\u00e8rement attir\u00e9 les acheteurs.<\/em>\u00bb<\/p>\n\n\n\n<figure class=\"wp-block-image size-large\"><img fetchpriority=\"high\" decoding=\"async\" width=\"768\" height=\"1024\" src=\"https:\/\/stopalzheimer.be\/wp-content\/uploads\/2024\/03\/photo-cheque-grange-des-champs-1-768x1024.jpg\" alt=\"\" class=\"wp-image-3048\" srcset=\"https:\/\/stopalzheimer.be\/wp-content\/uploads\/2024\/03\/photo-cheque-grange-des-champs-1-768x1024.jpg 768w, https:\/\/stopalzheimer.be\/wp-content\/uploads\/2024\/03\/photo-cheque-grange-des-champs-1-225x300.jpg 225w, https:\/\/stopalzheimer.be\/wp-content\/uploads\/2024\/03\/photo-cheque-grange-des-champs-1-1152x1536.jpg 1152w, https:\/\/stopalzheimer.be\/wp-content\/uploads\/2024\/03\/photo-cheque-grange-des-champs-1-9x12.jpg 9w, https:\/\/stopalzheimer.be\/wp-content\/uploads\/2024\/03\/photo-cheque-grange-des-champs-1.jpg 1536w\" sizes=\"(max-width: 768px) 100vw, 768px\" \/><\/figure>","protected":false},"excerpt":{"rendered":"<p>Les r\u00e9sidents de la Grange des Champs r\u00e9coltent 1710\u20ac pour la recherche sur Alzheimer Dans un \u00e9lan de solidarit\u00e9 et de g\u00e9n\u00e9rosit\u00e9, la r\u00e9sidence La Grange des Champs \u00e0 Braine-l\u2019Alleud s&#8217;est distingu\u00e9e en participant \u00e0 l&#8217;action Bake With Love. Gr\u00e2ce \u00e0 l&#8217;engagement de ses r\u00e9sidents et soignants, cette maison de repos et de soins a [&hellip;]<\/p>\n","protected":false},"author":3,"featured_media":3047,"comment_status":"closed","ping_status":"closed","sticky":false,"template":"","format":"standard","meta":{"_acf_changed":false,"footnotes":""},"categories":[5],"tags":[],"locatie":[],"class_list":["post-3046","post","type-post","status-publish","format-standard","has-post-thumbnail","hentry","category-getuigenissen"],"acf":[],"yoast_head":"<!-- This site is optimized with the Yoast SEO plugin v27.4 - https:\/\/yoast.com\/product\/yoast-seo-wordpress\/ -->\n<title>Les r\u00e9sidents de la Grange des Champs r\u00e9coltent 1710\u20ac pour la recherche sur Alzheimer - Stop Alzheimer<\/title>\n<meta name=\"description\" content=\"Cette maison de repos a r\u00e9ussi \u00e0 r\u00e9colter 1710\u20ac, contribuant de mani\u00e8re significative \u00e0 l\u2019avancement des recherches sur la maladie.\" \/>\n<meta name=\"robots\" content=\"index, follow, max-snippet:-1, max-image-preview:large, max-video-preview:-1\" \/>\n<link rel=\"canonical\" href=\"https:\/\/stopalzheimer.be\/fr\/les-residents-de-la-grange-des-champs-recoltent-1710e-pour-la-recherche-sur-alzheimer\/\" \/>\n<meta property=\"og:locale\" content=\"fr_FR\" \/>\n<meta property=\"og:type\" content=\"article\" \/>\n<meta property=\"og:title\" content=\"Les r\u00e9sidents de la Grange des Champs r\u00e9coltent 1710\u20ac pour la recherche sur Alzheimer - Stop Alzheimer\" \/>\n<meta property=\"og:description\" content=\"Cette maison de repos a r\u00e9ussi \u00e0 r\u00e9colter 1710\u20ac, contribuant de mani\u00e8re significative \u00e0 l\u2019avancement des recherches sur la maladie.\" \/>\n<meta property=\"og:url\" content=\"https:\/\/stopalzheimer.be\/fr\/les-residents-de-la-grange-des-champs-recoltent-1710e-pour-la-recherche-sur-alzheimer\/\" \/>\n<meta property=\"og:site_name\" content=\"Stop Alzheimer\" \/>\n<meta property=\"article:publisher\" content=\"https:\/\/www.facebook.com\/StichtingAlzheimerOnderzoek\/\" \/>\n<meta property=\"article:published_time\" content=\"2024-03-08T06:55:25+00:00\" \/>\n<meta property=\"article:modified_time\" content=\"2024-03-08T06:55:27+00:00\" \/>\n<meta property=\"og:image\" content=\"https:\/\/stopalzheimer.be\/wp-content\/uploads\/2024\/03\/photo-cheque-grange-des-champs.jpg\" \/>\n\t<meta property=\"og:image:width\" content=\"1536\" \/>\n\t<meta property=\"og:image:height\" content=\"2048\" \/>\n\t<meta property=\"og:image:type\" content=\"image\/jpeg\" \/>\n<meta name=\"author\" content=\"Lucie\" \/>\n<meta name=\"twitter:card\" content=\"summary_large_image\" \/>\n<meta name=\"twitter:label1\" content=\"\u00c9crit par\" \/>\n\t<meta name=\"twitter:data1\" content=\"Lucie\" \/>\n\t<meta name=\"twitter:label2\" content=\"Dur\u00e9e de lecture estim\u00e9e\" \/>\n\t<meta name=\"twitter:data2\" content=\"3 minutes\" \/>\n<script type=\"application\/ld+json\" class=\"yoast-schema-graph\">{\"@context\":\"https:\\\/\\\/schema.org\",\"@graph\":[{\"@type\":\"Article\",\"@id\":\"https:\\\/\\\/stopalzheimer.be\\\/nl\\\/les-residents-de-la-grange-des-champs-recoltent-1710e-pour-la-recherche-sur-alzheimer\\\/#article\",\"isPartOf\":{\"@id\":\"https:\\\/\\\/stopalzheimer.be\\\/nl\\\/les-residents-de-la-grange-des-champs-recoltent-1710e-pour-la-recherche-sur-alzheimer\\\/\"},\"author\":{\"name\":\"Lucie\",\"@id\":\"https:\\\/\\\/stopalzheimer.be\\\/fr\\\/#\\\/schema\\\/person\\\/a4bfa7bb02bcf39e27ec3b315c293e22\"},\"headline\":\"Les r\u00e9sidents de la Grange des Champs r\u00e9coltent 1710\u20ac pour la recherche sur Alzheimer\",\"datePublished\":\"2024-03-08T06:55:25+00:00\",\"dateModified\":\"2024-03-08T06:55:27+00:00\",\"mainEntityOfPage\":{\"@id\":\"https:\\\/\\\/stopalzheimer.be\\\/nl\\\/les-residents-de-la-grange-des-champs-recoltent-1710e-pour-la-recherche-sur-alzheimer\\\/\"},\"wordCount\":458,\"publisher\":{\"@id\":\"https:\\\/\\\/stopalzheimer.be\\\/fr\\\/#organization\"},\"image\":{\"@id\":\"https:\\\/\\\/stopalzheimer.be\\\/nl\\\/les-residents-de-la-grange-des-champs-recoltent-1710e-pour-la-recherche-sur-alzheimer\\\/#primaryimage\"},\"thumbnailUrl\":\"https:\\\/\\\/stopalzheimer.be\\\/wp-content\\\/uploads\\\/2024\\\/03\\\/photo-cheque-grange-des-champs.jpg\",\"articleSection\":[\"Getuigenissen\"],\"inLanguage\":\"fr-FR\"},{\"@type\":\"WebPage\",\"@id\":\"https:\\\/\\\/stopalzheimer.be\\\/nl\\\/les-residents-de-la-grange-des-champs-recoltent-1710e-pour-la-recherche-sur-alzheimer\\\/\",\"url\":\"https:\\\/\\\/stopalzheimer.be\\\/nl\\\/les-residents-de-la-grange-des-champs-recoltent-1710e-pour-la-recherche-sur-alzheimer\\\/\",\"name\":\"Les r\u00e9sidents de la Grange des Champs r\u00e9coltent 1710\u20ac pour la recherche sur Alzheimer - Stop Alzheimer\",\"isPartOf\":{\"@id\":\"https:\\\/\\\/stopalzheimer.be\\\/fr\\\/#website\"},\"primaryImageOfPage\":{\"@id\":\"https:\\\/\\\/stopalzheimer.be\\\/nl\\\/les-residents-de-la-grange-des-champs-recoltent-1710e-pour-la-recherche-sur-alzheimer\\\/#primaryimage\"},\"image\":{\"@id\":\"https:\\\/\\\/stopalzheimer.be\\\/nl\\\/les-residents-de-la-grange-des-champs-recoltent-1710e-pour-la-recherche-sur-alzheimer\\\/#primaryimage\"},\"thumbnailUrl\":\"https:\\\/\\\/stopalzheimer.be\\\/wp-content\\\/uploads\\\/2024\\\/03\\\/photo-cheque-grange-des-champs.jpg\",\"datePublished\":\"2024-03-08T06:55:25+00:00\",\"dateModified\":\"2024-03-08T06:55:27+00:00\",\"description\":\"Cette maison de repos a r\u00e9ussi \u00e0 r\u00e9colter 1710\u20ac, contribuant de mani\u00e8re significative \u00e0 l\u2019avancement des recherches sur la maladie.\",\"breadcrumb\":{\"@id\":\"https:\\\/\\\/stopalzheimer.be\\\/nl\\\/les-residents-de-la-grange-des-champs-recoltent-1710e-pour-la-recherche-sur-alzheimer\\\/#breadcrumb\"},\"inLanguage\":\"fr-FR\",\"potentialAction\":[{\"@type\":\"ReadAction\",\"target\":[\"https:\\\/\\\/stopalzheimer.be\\\/nl\\\/les-residents-de-la-grange-des-champs-recoltent-1710e-pour-la-recherche-sur-alzheimer\\\/\"]}]},{\"@type\":\"ImageObject\",\"inLanguage\":\"fr-FR\",\"@id\":\"https:\\\/\\\/stopalzheimer.be\\\/nl\\\/les-residents-de-la-grange-des-champs-recoltent-1710e-pour-la-recherche-sur-alzheimer\\\/#primaryimage\",\"url\":\"https:\\\/\\\/stopalzheimer.be\\\/wp-content\\\/uploads\\\/2024\\\/03\\\/photo-cheque-grange-des-champs.jpg\",\"contentUrl\":\"https:\\\/\\\/stopalzheimer.be\\\/wp-content\\\/uploads\\\/2024\\\/03\\\/photo-cheque-grange-des-champs.jpg\",\"width\":1536,\"height\":2048},{\"@type\":\"BreadcrumbList\",\"@id\":\"https:\\\/\\\/stopalzheimer.be\\\/nl\\\/les-residents-de-la-grange-des-champs-recoltent-1710e-pour-la-recherche-sur-alzheimer\\\/#breadcrumb\",\"itemListElement\":[{\"@type\":\"ListItem\",\"position\":1,\"name\":\"Home\",\"item\":\"https:\\\/\\\/stopalzheimer.be\\\/\"},{\"@type\":\"ListItem\",\"position\":2,\"name\":\"Les r\u00e9sidents de la Grange des Champs r\u00e9coltent 1710\u20ac pour la recherche sur Alzheimer\"}]},{\"@type\":\"WebSite\",\"@id\":\"https:\\\/\\\/stopalzheimer.be\\\/fr\\\/#website\",\"url\":\"https:\\\/\\\/stopalzheimer.be\\\/fr\\\/\",\"name\":\"Stop Alzheimer\",\"description\":\"Stichting Alzheimer Onderzoek\",\"publisher\":{\"@id\":\"https:\\\/\\\/stopalzheimer.be\\\/fr\\\/#organization\"},\"potentialAction\":[{\"@type\":\"SearchAction\",\"target\":{\"@type\":\"EntryPoint\",\"urlTemplate\":\"https:\\\/\\\/stopalzheimer.be\\\/fr\\\/?s={search_term_string}\"},\"query-input\":{\"@type\":\"PropertyValueSpecification\",\"valueRequired\":true,\"valueName\":\"search_term_string\"}}],\"inLanguage\":\"fr-FR\"},{\"@type\":\"Organization\",\"@id\":\"https:\\\/\\\/stopalzheimer.be\\\/fr\\\/#organization\",\"name\":\"Stop Alzheimer\",\"url\":\"https:\\\/\\\/stopalzheimer.be\\\/fr\\\/\",\"logo\":{\"@type\":\"ImageObject\",\"inLanguage\":\"fr-FR\",\"@id\":\"https:\\\/\\\/stopalzheimer.be\\\/fr\\\/#\\\/schema\\\/logo\\\/image\\\/\",\"url\":\"https:\\\/\\\/stopalzheimer.be\\\/wp-content\\\/uploads\\\/2025\\\/04\\\/241021_Alzheimer_logoNL_NEW.png\",\"contentUrl\":\"https:\\\/\\\/stopalzheimer.be\\\/wp-content\\\/uploads\\\/2025\\\/04\\\/241021_Alzheimer_logoNL_NEW.png\",\"width\":2362,\"height\":515,\"caption\":\"Stop Alzheimer\"},\"image\":{\"@id\":\"https:\\\/\\\/stopalzheimer.be\\\/fr\\\/#\\\/schema\\\/logo\\\/image\\\/\"},\"sameAs\":[\"https:\\\/\\\/www.facebook.com\\\/StichtingAlzheimerOnderzoek\\\/\",\"https:\\\/\\\/www.youtube.com\\\/@stichtingalzheimeronderzoe3860\\\/videos\",\"https:\\\/\\\/be.linkedin.com\\\/in\\\/stichting-alzheimer-onderzoek-fondation-recherche-alzheimer-8760b61a4\"]},{\"@type\":\"Person\",\"@id\":\"https:\\\/\\\/stopalzheimer.be\\\/fr\\\/#\\\/schema\\\/person\\\/a4bfa7bb02bcf39e27ec3b315c293e22\",\"name\":\"Lucie\",\"image\":{\"@type\":\"ImageObject\",\"inLanguage\":\"fr-FR\",\"@id\":\"https:\\\/\\\/secure.gravatar.com\\\/avatar\\\/a2cabf71da3f66ce28610368d66eab36ec2a054b07526e0376fc3565112668b7?s=96&d=mm&r=g\",\"url\":\"https:\\\/\\\/secure.gravatar.com\\\/avatar\\\/a2cabf71da3f66ce28610368d66eab36ec2a054b07526e0376fc3565112668b7?s=96&d=mm&r=g\",\"contentUrl\":\"https:\\\/\\\/secure.gravatar.com\\\/avatar\\\/a2cabf71da3f66ce28610368d66eab36ec2a054b07526e0376fc3565112668b7?s=96&d=mm&r=g\",\"caption\":\"Lucie\"},\"url\":\"https:\\\/\\\/stopalzheimer.be\\\/fr\\\/author\\\/lucie\\\/\"}]}<\/script>\n<!-- \/ Yoast SEO plugin. -->","yoast_head_json":{"title":"Les r\u00e9sidents de la Grange des Champs r\u00e9coltent 1710\u20ac pour la recherche sur Alzheimer - Stop Alzheimer","description":"Cette maison de repos a r\u00e9ussi \u00e0 r\u00e9colter 1710\u20ac, contribuant de mani\u00e8re significative \u00e0 l\u2019avancement des recherches sur la maladie.","robots":{"index":"index","follow":"follow","max-snippet":"max-snippet:-1","max-image-preview":"max-image-preview:large","max-video-preview":"max-video-preview:-1"},"canonical":"https:\/\/stopalzheimer.be\/fr\/les-residents-de-la-grange-des-champs-recoltent-1710e-pour-la-recherche-sur-alzheimer\/","og_locale":"fr_FR","og_type":"article","og_title":"Les r\u00e9sidents de la Grange des Champs r\u00e9coltent 1710\u20ac pour la recherche sur Alzheimer - Stop Alzheimer","og_description":"Cette maison de repos a r\u00e9ussi \u00e0 r\u00e9colter 1710\u20ac, contribuant de mani\u00e8re significative \u00e0 l\u2019avancement des recherches sur la maladie.","og_url":"https:\/\/stopalzheimer.be\/fr\/les-residents-de-la-grange-des-champs-recoltent-1710e-pour-la-recherche-sur-alzheimer\/","og_site_name":"Stop Alzheimer","article_publisher":"https:\/\/www.facebook.com\/StichtingAlzheimerOnderzoek\/","article_published_time":"2024-03-08T06:55:25+00:00","article_modified_time":"2024-03-08T06:55:27+00:00","og_image":[{"width":1536,"height":2048,"url":"https:\/\/stopalzheimer.be\/wp-content\/uploads\/2024\/03\/photo-cheque-grange-des-champs.jpg","type":"image\/jpeg"}],"author":"Lucie","twitter_card":"summary_large_image","twitter_misc":{"\u00c9crit par":"Lucie","Dur\u00e9e de lecture estim\u00e9e":"3 minutes"},"schema":{"@context":"https:\/\/schema.org","@graph":[{"@type":"Article","@id":"https:\/\/stopalzheimer.be\/nl\/les-residents-de-la-grange-des-champs-recoltent-1710e-pour-la-recherche-sur-alzheimer\/#article","isPartOf":{"@id":"https:\/\/stopalzheimer.be\/nl\/les-residents-de-la-grange-des-champs-recoltent-1710e-pour-la-recherche-sur-alzheimer\/"},"author":{"name":"Lucie","@id":"https:\/\/stopalzheimer.be\/fr\/#\/schema\/person\/a4bfa7bb02bcf39e27ec3b315c293e22"},"headline":"Les r\u00e9sidents de la Grange des Champs r\u00e9coltent 1710\u20ac pour la recherche sur Alzheimer","datePublished":"2024-03-08T06:55:25+00:00","dateModified":"2024-03-08T06:55:27+00:00","mainEntityOfPage":{"@id":"https:\/\/stopalzheimer.be\/nl\/les-residents-de-la-grange-des-champs-recoltent-1710e-pour-la-recherche-sur-alzheimer\/"},"wordCount":458,"publisher":{"@id":"https:\/\/stopalzheimer.be\/fr\/#organization"},"image":{"@id":"https:\/\/stopalzheimer.be\/nl\/les-residents-de-la-grange-des-champs-recoltent-1710e-pour-la-recherche-sur-alzheimer\/#primaryimage"},"thumbnailUrl":"https:\/\/stopalzheimer.be\/wp-content\/uploads\/2024\/03\/photo-cheque-grange-des-champs.jpg","articleSection":["Getuigenissen"],"inLanguage":"fr-FR"},{"@type":"WebPage","@id":"https:\/\/stopalzheimer.be\/nl\/les-residents-de-la-grange-des-champs-recoltent-1710e-pour-la-recherche-sur-alzheimer\/","url":"https:\/\/stopalzheimer.be\/nl\/les-residents-de-la-grange-des-champs-recoltent-1710e-pour-la-recherche-sur-alzheimer\/","name":"Les r\u00e9sidents de la Grange des Champs r\u00e9coltent 1710\u20ac pour la recherche sur Alzheimer - Stop Alzheimer","isPartOf":{"@id":"https:\/\/stopalzheimer.be\/fr\/#website"},"primaryImageOfPage":{"@id":"https:\/\/stopalzheimer.be\/nl\/les-residents-de-la-grange-des-champs-recoltent-1710e-pour-la-recherche-sur-alzheimer\/#primaryimage"},"image":{"@id":"https:\/\/stopalzheimer.be\/nl\/les-residents-de-la-grange-des-champs-recoltent-1710e-pour-la-recherche-sur-alzheimer\/#primaryimage"},"thumbnailUrl":"https:\/\/stopalzheimer.be\/wp-content\/uploads\/2024\/03\/photo-cheque-grange-des-champs.jpg","datePublished":"2024-03-08T06:55:25+00:00","dateModified":"2024-03-08T06:55:27+00:00","description":"Cette maison de repos a r\u00e9ussi \u00e0 r\u00e9colter 1710\u20ac, contribuant de mani\u00e8re significative \u00e0 l\u2019avancement des recherches sur la maladie.","breadcrumb":{"@id":"https:\/\/stopalzheimer.be\/nl\/les-residents-de-la-grange-des-champs-recoltent-1710e-pour-la-recherche-sur-alzheimer\/#breadcrumb"},"inLanguage":"fr-FR","potentialAction":[{"@type":"ReadAction","target":["https:\/\/stopalzheimer.be\/nl\/les-residents-de-la-grange-des-champs-recoltent-1710e-pour-la-recherche-sur-alzheimer\/"]}]},{"@type":"ImageObject","inLanguage":"fr-FR","@id":"https:\/\/stopalzheimer.be\/nl\/les-residents-de-la-grange-des-champs-recoltent-1710e-pour-la-recherche-sur-alzheimer\/#primaryimage","url":"https:\/\/stopalzheimer.be\/wp-content\/uploads\/2024\/03\/photo-cheque-grange-des-champs.jpg","contentUrl":"https:\/\/stopalzheimer.be\/wp-content\/uploads\/2024\/03\/photo-cheque-grange-des-champs.jpg","width":1536,"height":2048},{"@type":"BreadcrumbList","@id":"https:\/\/stopalzheimer.be\/nl\/les-residents-de-la-grange-des-champs-recoltent-1710e-pour-la-recherche-sur-alzheimer\/#breadcrumb","itemListElement":[{"@type":"ListItem","position":1,"name":"Home","item":"https:\/\/stopalzheimer.be\/"},{"@type":"ListItem","position":2,"name":"Les r\u00e9sidents de la Grange des Champs r\u00e9coltent 1710\u20ac pour la recherche sur Alzheimer"}]},{"@type":"WebSite","@id":"https:\/\/stopalzheimer.be\/fr\/#website","url":"https:\/\/stopalzheimer.be\/fr\/","name":"Stop Alzheimer","description":"Fondation Recherche Alzheimer","publisher":{"@id":"https:\/\/stopalzheimer.be\/fr\/#organization"},"potentialAction":[{"@type":"SearchAction","target":{"@type":"EntryPoint","urlTemplate":"https:\/\/stopalzheimer.be\/fr\/?s={search_term_string}"},"query-input":{"@type":"PropertyValueSpecification","valueRequired":true,"valueName":"search_term_string"}}],"inLanguage":"fr-FR"},{"@type":"Organization","@id":"https:\/\/stopalzheimer.be\/fr\/#organization","name":"Stop Alzheimer","url":"https:\/\/stopalzheimer.be\/fr\/","logo":{"@type":"ImageObject","inLanguage":"fr-FR","@id":"https:\/\/stopalzheimer.be\/fr\/#\/schema\/logo\/image\/","url":"https:\/\/stopalzheimer.be\/wp-content\/uploads\/2025\/04\/241021_Alzheimer_logoNL_NEW.png","contentUrl":"https:\/\/stopalzheimer.be\/wp-content\/uploads\/2025\/04\/241021_Alzheimer_logoNL_NEW.png","width":2362,"height":515,"caption":"Stop Alzheimer"},"image":{"@id":"https:\/\/stopalzheimer.be\/fr\/#\/schema\/logo\/image\/"},"sameAs":["https:\/\/www.facebook.com\/StichtingAlzheimerOnderzoek\/","https:\/\/www.youtube.com\/@stichtingalzheimeronderzoe3860\/videos","https:\/\/be.linkedin.com\/in\/stichting-alzheimer-onderzoek-fondation-recherche-alzheimer-8760b61a4"]},{"@type":"Person","@id":"https:\/\/stopalzheimer.be\/fr\/#\/schema\/person\/a4bfa7bb02bcf39e27ec3b315c293e22","name":"Lucie","image":{"@type":"ImageObject","inLanguage":"fr-FR","@id":"https:\/\/secure.gravatar.com\/avatar\/a2cabf71da3f66ce28610368d66eab36ec2a054b07526e0376fc3565112668b7?s=96&d=mm&r=g","url":"https:\/\/secure.gravatar.com\/avatar\/a2cabf71da3f66ce28610368d66eab36ec2a054b07526e0376fc3565112668b7?s=96&d=mm&r=g","contentUrl":"https:\/\/secure.gravatar.com\/avatar\/a2cabf71da3f66ce28610368d66eab36ec2a054b07526e0376fc3565112668b7?s=96&d=mm&r=g","caption":"Lucie"},"url":"https:\/\/stopalzheimer.be\/fr\/author\/lucie\/"}]}},"_links":{"self":[{"href":"https:\/\/stopalzheimer.be\/fr\/wp-json\/wp\/v2\/posts\/3046","targetHints":{"allow":["GET"]}}],"collection":[{"href":"https:\/\/stopalzheimer.be\/fr\/wp-json\/wp\/v2\/posts"}],"about":[{"href":"https:\/\/stopalzheimer.be\/fr\/wp-json\/wp\/v2\/types\/post"}],"author":[{"embeddable":true,"href":"https:\/\/stopalzheimer.be\/fr\/wp-json\/wp\/v2\/users\/3"}],"replies":[{"embeddable":true,"href":"https:\/\/stopalzheimer.be\/fr\/wp-json\/wp\/v2\/comments?post=3046"}],"version-history":[{"count":0,"href":"https:\/\/stopalzheimer.be\/fr\/wp-json\/wp\/v2\/posts\/3046\/revisions"}],"wp:featuredmedia":[{"embeddable":true,"href":"https:\/\/stopalzheimer.be\/fr\/wp-json\/wp\/v2\/media\/3047"}],"wp:attachment":[{"href":"https:\/\/stopalzheimer.be\/fr\/wp-json\/wp\/v2\/media?parent=3046"}],"wp:term":[{"taxonomy":"category","embeddable":true,"href":"https:\/\/stopalzheimer.be\/fr\/wp-json\/wp\/v2\/categories?post=3046"},{"taxonomy":"post_tag","embeddable":true,"href":"https:\/\/stopalzheimer.be\/fr\/wp-json\/wp\/v2\/tags?post=3046"},{"taxonomy":"locatie","embeddable":true,"href":"https:\/\/stopalzheimer.be\/fr\/wp-json\/wp\/v2\/locatie?post=3046"}],"curies":[{"name":"wp","href":"https:\/\/api.w.org\/{rel}","templated":true}]}}