{"id":2371,"date":"2023-09-12T08:59:00","date_gmt":"2023-09-12T06:59:00","guid":{"rendered":"https:\/\/stopalzheimer.be\/?p=2371"},"modified":"2023-11-17T14:24:41","modified_gmt":"2023-11-17T13:24:41","slug":"hugo-de-peter-van-stichting-alzheimer-onderzoek-trapt-de-cupcake-actie-af","status":"publish","type":"post","link":"https:\/\/stopalzheimer.be\/fr\/hugo-de-peter-van-stichting-alzheimer-onderzoek-trapt-de-cupcake-actie-af\/","title":{"rendered":"Hugo, de Peter van Stichting Alzheimer Onderzoek trapt de cupcake-actie af"},"content":{"rendered":"<p>12 september om 10 uur in WZC Hestia te Wemmel &#8211; Samen met de bewoners versierde hij cupcakes  en natuurlijk was er ook muziek.<br>Joost Martens, directeur van stopalzheimer.be: \u201cOngeveer 70% van de bewoners van WZC hebben een vorm van dementie en zo worden ook zij actief betrokken bij deze actie. En zodra onze peter Hugo act de pr\u00e9sence geeft, is het direct feest, omdat iedereen hem kent. Het is dus een prachtige start van onze jaarlijkse cupcake-actie.\u201d<br>Phaedra Mourisse van WZC Hestia: \u201cHugo en Nicole zijn altijd zeer betrokken geweest bij ons woonzorgcentrum, dus we zijn erg blij dat Hugo onze cupcakeverkoop start. Net als in heel Belgi\u00eb zullen we van september tot december cupcakes verkopen waarmee we onderzoek en opleiding kunnen steunen.\u201d<br>Dit jaar werkt Stopalzheimer voor het eerst samen met het Expertisecentrum Dementie Vlaanderen, de drijvende kracht achter dementievriendelijke gemeenten. Sigrid De Geyter van het expertisecentrum Memo \u2013 Vlaams-Brabant : \u201cDe cupcake-actie kadert perfect in onze missie en visie. De ondersteuning en zorg voor mensen met dementie vraagt veel van een zorgverlener. Door het verhogen van hun deskundigheid via opleiding en coaching krijgt de persoon met dementie waar hij recht op heeft : een warme, integrale, persoonlijke benadering van zijn mens-zijn.<\/p>\n\n\n\n<p>Dementie is een hersenaandoening waarbij iemand langzaam maar zeker lichamelijk en geestelijk achteruitgaat en op den duur volledig afhankelijk wordt van de zorg van anderen. De ziekte van Alzheimer is veruit de belangrijkste en meest bekende oorzaak. Ongeveer 1 op de 7 mannen en maar liefst 1 op de 3 vrouwen krijgt een vorm van dementie. Op dit moment telt Vlaanderen en Brussel 141.000 personen met dementie. En als er niets gebeurt, zal het aantal A mensen met Alzheimer in 2046 in Belgi\u00eb bijna verdubbelen, want er zijn tot op heden geen geneesmiddelen.<br>De oplossing is wetenschappelijk onderzoek. Stichting Alzheimer Onderzoek steunt daarom Belgisch wetenschappelijk onderzoek naar de ziekte van Alzheimer en andere vormen van dementie. De Expertisecentra Dementie vergroten het bewustzijn rond dementie in de samenleving en cre\u00ebren een realistische beeldvorming. Zij verbinden en versterken personen actief in de zorgsector en realiseren hun missie in samenwerking en co-creatie met partners.<br><br><em>De pers praat er ook over:<\/em><\/p>\n\n\n\n<p><a href=\"https:\/\/www.persinfo.org\/nl\/nieuws\/artikel\/hugo-start-cupcake-actie-voor-alzheimeronderzoek-en-opleiding\/57504\">Hugo start cupcake-actie voor alzheimeronderzoek en opleiding<\/a><br><a href=\"https:\/\/www.ringtv.be\/nieuws\/hugo-trapt-als-peter-van-stichting-alzheimer-onderzoek-cupcake-actie-op-gang-wemmel\">Hugo trapt als peter van Stichting Alzheimer Onderzoek cupcake-actie op gang in Wemmel<\/a><br><a href=\"https:\/\/www.nieuwsblad.be\/cnt\/dmf20230908_93716123\">Hugo Sigal trapt cupcake-actie af van Stichting Alzheimer Onderzoek: \u201cMet Hugo erbij, is het direct feest\u201d<\/a><\/p>\n\n\n\n<p><\/p>","protected":false},"excerpt":{"rendered":"<p>12 september om 10 uur in WZC Hestia te Wemmel &#8211; Samen met de bewoners versierde hij cupcakes en natuurlijk was er ook muziek.Joost Martens, directeur van stopalzheimer.be: \u201cOngeveer 70% van de bewoners van WZC hebben een vorm van dementie en zo worden ook zij actief betrokken bij deze actie. En zodra onze peter Hugo [&hellip;]<\/p>\n","protected":false},"author":4,"featured_media":2378,"comment_status":"closed","ping_status":"closed","sticky":false,"template":"","format":"standard","meta":{"_acf_changed":false,"footnotes":""},"categories":[8],"tags":[],"locatie":[27,26,28,41],"class_list":["post-2371","post","type-post","status-publish","format-standard","has-post-thumbnail","hentry","category-evenementen","locatie-help-mee","locatie-homepage","locatie-over-alzheimer","locatie-pers"],"acf":[],"yoast_head":"<!-- This site is optimized with the Yoast SEO plugin v27.4 - https:\/\/yoast.com\/product\/yoast-seo-wordpress\/ -->\n<title>Hugo, de Peter van Stichting Alzheimer Onderzoek trapt de cupcake-actie af - Stop Alzheimer<\/title>\n<meta name=\"description\" content=\"Ontdek de zoete kant van het goede doel op 12 september om 10 uur in WZC Hestia te Wemmel, wanneer Hugo, de Peter van Stichting Alzheimer Onderzoek, de aftrap geeft voor de cupcake-actie. Samen met de bewoners gaat hij creatief aan de slag, cupcakes versieren in een sfeer van gezelligheid en muziek. Een hartverwarmende bijeenkomst waar delen, zorg en plezier samenkomen, en waar elke versierde lekkernij een stap is naar meer bewustwording en steun voor Alzheimeronderzoek.\" \/>\n<meta name=\"robots\" content=\"index, follow, max-snippet:-1, max-image-preview:large, max-video-preview:-1\" \/>\n<link rel=\"canonical\" href=\"https:\/\/stopalzheimer.be\/fr\/hugo-de-peter-van-stichting-alzheimer-onderzoek-trapt-de-cupcake-actie-af\/\" \/>\n<meta property=\"og:locale\" content=\"fr_FR\" \/>\n<meta property=\"og:type\" content=\"article\" \/>\n<meta property=\"og:title\" content=\"Hugo, de Peter van Stichting Alzheimer Onderzoek trapt de cupcake-actie af - Stop Alzheimer\" \/>\n<meta property=\"og:description\" content=\"Ontdek de zoete kant van het goede doel op 12 september om 10 uur in WZC Hestia te Wemmel, wanneer Hugo, de Peter van Stichting Alzheimer Onderzoek, de aftrap geeft voor de cupcake-actie. Samen met de bewoners gaat hij creatief aan de slag, cupcakes versieren in een sfeer van gezelligheid en muziek. Een hartverwarmende bijeenkomst waar delen, zorg en plezier samenkomen, en waar elke versierde lekkernij een stap is naar meer bewustwording en steun voor Alzheimeronderzoek.\" \/>\n<meta property=\"og:url\" content=\"https:\/\/stopalzheimer.be\/fr\/hugo-de-peter-van-stichting-alzheimer-onderzoek-trapt-de-cupcake-actie-af\/\" \/>\n<meta property=\"og:site_name\" content=\"Stop Alzheimer\" \/>\n<meta property=\"article:publisher\" content=\"https:\/\/www.facebook.com\/StichtingAlzheimerOnderzoek\/\" \/>\n<meta property=\"article:published_time\" content=\"2023-09-12T06:59:00+00:00\" \/>\n<meta property=\"article:modified_time\" content=\"2023-11-17T13:24:41+00:00\" \/>\n<meta property=\"og:image\" content=\"https:\/\/stopalzheimer.be\/wp-content\/uploads\/2023\/11\/20230912_100826-scaled.jpg\" \/>\n\t<meta property=\"og:image:width\" content=\"2560\" \/>\n\t<meta property=\"og:image:height\" content=\"1920\" \/>\n\t<meta property=\"og:image:type\" content=\"image\/jpeg\" \/>\n<meta name=\"author\" content=\"soumaya\" \/>\n<meta name=\"twitter:card\" content=\"summary_large_image\" \/>\n<meta name=\"twitter:label1\" content=\"\u00c9crit par\" \/>\n\t<meta name=\"twitter:data1\" content=\"soumaya\" \/>\n\t<meta name=\"twitter:label2\" content=\"Dur\u00e9e de lecture estim\u00e9e\" \/>\n\t<meta name=\"twitter:data2\" content=\"2 minutes\" \/>\n<script type=\"application\/ld+json\" class=\"yoast-schema-graph\">{\"@context\":\"https:\\\/\\\/schema.org\",\"@graph\":[{\"@type\":\"Article\",\"@id\":\"https:\\\/\\\/stopalzheimer.be\\\/nl\\\/hugo-de-peter-van-stichting-alzheimer-onderzoek-trapt-de-cupcake-actie-af\\\/#article\",\"isPartOf\":{\"@id\":\"https:\\\/\\\/stopalzheimer.be\\\/nl\\\/hugo-de-peter-van-stichting-alzheimer-onderzoek-trapt-de-cupcake-actie-af\\\/\"},\"author\":{\"name\":\"soumaya\",\"@id\":\"https:\\\/\\\/stopalzheimer.be\\\/fr\\\/#\\\/schema\\\/person\\\/2b6d2165b20374904f1427049d1d94fb\"},\"headline\":\"Hugo, de Peter van Stichting Alzheimer Onderzoek trapt de cupcake-actie af\",\"datePublished\":\"2023-09-12T06:59:00+00:00\",\"dateModified\":\"2023-11-17T13:24:41+00:00\",\"mainEntityOfPage\":{\"@id\":\"https:\\\/\\\/stopalzheimer.be\\\/nl\\\/hugo-de-peter-van-stichting-alzheimer-onderzoek-trapt-de-cupcake-actie-af\\\/\"},\"wordCount\":399,\"publisher\":{\"@id\":\"https:\\\/\\\/stopalzheimer.be\\\/fr\\\/#organization\"},\"image\":{\"@id\":\"https:\\\/\\\/stopalzheimer.be\\\/nl\\\/hugo-de-peter-van-stichting-alzheimer-onderzoek-trapt-de-cupcake-actie-af\\\/#primaryimage\"},\"thumbnailUrl\":\"https:\\\/\\\/stopalzheimer.be\\\/wp-content\\\/uploads\\\/2023\\\/11\\\/20230912_100826-scaled.jpg\",\"articleSection\":[\"Evenementen\"],\"inLanguage\":\"fr-FR\"},{\"@type\":\"WebPage\",\"@id\":\"https:\\\/\\\/stopalzheimer.be\\\/nl\\\/hugo-de-peter-van-stichting-alzheimer-onderzoek-trapt-de-cupcake-actie-af\\\/\",\"url\":\"https:\\\/\\\/stopalzheimer.be\\\/nl\\\/hugo-de-peter-van-stichting-alzheimer-onderzoek-trapt-de-cupcake-actie-af\\\/\",\"name\":\"Hugo, de Peter van Stichting Alzheimer Onderzoek trapt de cupcake-actie af - Stop Alzheimer\",\"isPartOf\":{\"@id\":\"https:\\\/\\\/stopalzheimer.be\\\/fr\\\/#website\"},\"primaryImageOfPage\":{\"@id\":\"https:\\\/\\\/stopalzheimer.be\\\/nl\\\/hugo-de-peter-van-stichting-alzheimer-onderzoek-trapt-de-cupcake-actie-af\\\/#primaryimage\"},\"image\":{\"@id\":\"https:\\\/\\\/stopalzheimer.be\\\/nl\\\/hugo-de-peter-van-stichting-alzheimer-onderzoek-trapt-de-cupcake-actie-af\\\/#primaryimage\"},\"thumbnailUrl\":\"https:\\\/\\\/stopalzheimer.be\\\/wp-content\\\/uploads\\\/2023\\\/11\\\/20230912_100826-scaled.jpg\",\"datePublished\":\"2023-09-12T06:59:00+00:00\",\"dateModified\":\"2023-11-17T13:24:41+00:00\",\"description\":\"Ontdek de zoete kant van het goede doel op 12 september om 10 uur in WZC Hestia te Wemmel, wanneer Hugo, de Peter van Stichting Alzheimer Onderzoek, de aftrap geeft voor de cupcake-actie. Samen met de bewoners gaat hij creatief aan de slag, cupcakes versieren in een sfeer van gezelligheid en muziek. Een hartverwarmende bijeenkomst waar delen, zorg en plezier samenkomen, en waar elke versierde lekkernij een stap is naar meer bewustwording en steun voor Alzheimeronderzoek.\",\"breadcrumb\":{\"@id\":\"https:\\\/\\\/stopalzheimer.be\\\/nl\\\/hugo-de-peter-van-stichting-alzheimer-onderzoek-trapt-de-cupcake-actie-af\\\/#breadcrumb\"},\"inLanguage\":\"fr-FR\",\"potentialAction\":[{\"@type\":\"ReadAction\",\"target\":[\"https:\\\/\\\/stopalzheimer.be\\\/nl\\\/hugo-de-peter-van-stichting-alzheimer-onderzoek-trapt-de-cupcake-actie-af\\\/\"]}]},{\"@type\":\"ImageObject\",\"inLanguage\":\"fr-FR\",\"@id\":\"https:\\\/\\\/stopalzheimer.be\\\/nl\\\/hugo-de-peter-van-stichting-alzheimer-onderzoek-trapt-de-cupcake-actie-af\\\/#primaryimage\",\"url\":\"https:\\\/\\\/stopalzheimer.be\\\/wp-content\\\/uploads\\\/2023\\\/11\\\/20230912_100826-scaled.jpg\",\"contentUrl\":\"https:\\\/\\\/stopalzheimer.be\\\/wp-content\\\/uploads\\\/2023\\\/11\\\/20230912_100826-scaled.jpg\",\"width\":2560,\"height\":1920},{\"@type\":\"BreadcrumbList\",\"@id\":\"https:\\\/\\\/stopalzheimer.be\\\/nl\\\/hugo-de-peter-van-stichting-alzheimer-onderzoek-trapt-de-cupcake-actie-af\\\/#breadcrumb\",\"itemListElement\":[{\"@type\":\"ListItem\",\"position\":1,\"name\":\"Home\",\"item\":\"https:\\\/\\\/stopalzheimer.be\\\/\"},{\"@type\":\"ListItem\",\"position\":2,\"name\":\"Hugo, de Peter van Stichting Alzheimer Onderzoek trapt de cupcake-actie af\"}]},{\"@type\":\"WebSite\",\"@id\":\"https:\\\/\\\/stopalzheimer.be\\\/fr\\\/#website\",\"url\":\"https:\\\/\\\/stopalzheimer.be\\\/fr\\\/\",\"name\":\"Stop Alzheimer\",\"description\":\"Stichting Alzheimer Onderzoek\",\"publisher\":{\"@id\":\"https:\\\/\\\/stopalzheimer.be\\\/fr\\\/#organization\"},\"potentialAction\":[{\"@type\":\"SearchAction\",\"target\":{\"@type\":\"EntryPoint\",\"urlTemplate\":\"https:\\\/\\\/stopalzheimer.be\\\/fr\\\/?s={search_term_string}\"},\"query-input\":{\"@type\":\"PropertyValueSpecification\",\"valueRequired\":true,\"valueName\":\"search_term_string\"}}],\"inLanguage\":\"fr-FR\"},{\"@type\":\"Organization\",\"@id\":\"https:\\\/\\\/stopalzheimer.be\\\/fr\\\/#organization\",\"name\":\"Stop Alzheimer\",\"url\":\"https:\\\/\\\/stopalzheimer.be\\\/fr\\\/\",\"logo\":{\"@type\":\"ImageObject\",\"inLanguage\":\"fr-FR\",\"@id\":\"https:\\\/\\\/stopalzheimer.be\\\/fr\\\/#\\\/schema\\\/logo\\\/image\\\/\",\"url\":\"https:\\\/\\\/stopalzheimer.be\\\/wp-content\\\/uploads\\\/2025\\\/04\\\/241021_Alzheimer_logoNL_NEW.png\",\"contentUrl\":\"https:\\\/\\\/stopalzheimer.be\\\/wp-content\\\/uploads\\\/2025\\\/04\\\/241021_Alzheimer_logoNL_NEW.png\",\"width\":2362,\"height\":515,\"caption\":\"Stop Alzheimer\"},\"image\":{\"@id\":\"https:\\\/\\\/stopalzheimer.be\\\/fr\\\/#\\\/schema\\\/logo\\\/image\\\/\"},\"sameAs\":[\"https:\\\/\\\/www.facebook.com\\\/StichtingAlzheimerOnderzoek\\\/\",\"https:\\\/\\\/www.youtube.com\\\/@stichtingalzheimeronderzoe3860\\\/videos\",\"https:\\\/\\\/be.linkedin.com\\\/in\\\/stichting-alzheimer-onderzoek-fondation-recherche-alzheimer-8760b61a4\"]},{\"@type\":\"Person\",\"@id\":\"https:\\\/\\\/stopalzheimer.be\\\/fr\\\/#\\\/schema\\\/person\\\/2b6d2165b20374904f1427049d1d94fb\",\"name\":\"soumaya\",\"image\":{\"@type\":\"ImageObject\",\"inLanguage\":\"fr-FR\",\"@id\":\"https:\\\/\\\/secure.gravatar.com\\\/avatar\\\/8f5a0530636f344b3ec7afcb52768eacaa2f1bc78eb9b753ec880dcf99b900d7?s=96&d=mm&r=g\",\"url\":\"https:\\\/\\\/secure.gravatar.com\\\/avatar\\\/8f5a0530636f344b3ec7afcb52768eacaa2f1bc78eb9b753ec880dcf99b900d7?s=96&d=mm&r=g\",\"contentUrl\":\"https:\\\/\\\/secure.gravatar.com\\\/avatar\\\/8f5a0530636f344b3ec7afcb52768eacaa2f1bc78eb9b753ec880dcf99b900d7?s=96&d=mm&r=g\",\"caption\":\"soumaya\"},\"url\":\"https:\\\/\\\/stopalzheimer.be\\\/fr\\\/author\\\/soumayastopalzheimer-be\\\/\"}]}<\/script>\n<!-- \/ Yoast SEO plugin. -->","yoast_head_json":{"title":"Hugo, de Peter van Stichting Alzheimer Onderzoek trapt de cupcake-actie af - Stop Alzheimer","description":"Ontdek de zoete kant van het goede doel op 12 september om 10 uur in WZC Hestia te Wemmel, wanneer Hugo, de Peter van Stichting Alzheimer Onderzoek, de aftrap geeft voor de cupcake-actie. Samen met de bewoners gaat hij creatief aan de slag, cupcakes versieren in een sfeer van gezelligheid en muziek. Een hartverwarmende bijeenkomst waar delen, zorg en plezier samenkomen, en waar elke versierde lekkernij een stap is naar meer bewustwording en steun voor Alzheimeronderzoek.","robots":{"index":"index","follow":"follow","max-snippet":"max-snippet:-1","max-image-preview":"max-image-preview:large","max-video-preview":"max-video-preview:-1"},"canonical":"https:\/\/stopalzheimer.be\/fr\/hugo-de-peter-van-stichting-alzheimer-onderzoek-trapt-de-cupcake-actie-af\/","og_locale":"fr_FR","og_type":"article","og_title":"Hugo, de Peter van Stichting Alzheimer Onderzoek trapt de cupcake-actie af - Stop Alzheimer","og_description":"Ontdek de zoete kant van het goede doel op 12 september om 10 uur in WZC Hestia te Wemmel, wanneer Hugo, de Peter van Stichting Alzheimer Onderzoek, de aftrap geeft voor de cupcake-actie. Samen met de bewoners gaat hij creatief aan de slag, cupcakes versieren in een sfeer van gezelligheid en muziek. Een hartverwarmende bijeenkomst waar delen, zorg en plezier samenkomen, en waar elke versierde lekkernij een stap is naar meer bewustwording en steun voor Alzheimeronderzoek.","og_url":"https:\/\/stopalzheimer.be\/fr\/hugo-de-peter-van-stichting-alzheimer-onderzoek-trapt-de-cupcake-actie-af\/","og_site_name":"Stop Alzheimer","article_publisher":"https:\/\/www.facebook.com\/StichtingAlzheimerOnderzoek\/","article_published_time":"2023-09-12T06:59:00+00:00","article_modified_time":"2023-11-17T13:24:41+00:00","og_image":[{"width":2560,"height":1920,"url":"https:\/\/stopalzheimer.be\/wp-content\/uploads\/2023\/11\/20230912_100826-scaled.jpg","type":"image\/jpeg"}],"author":"soumaya","twitter_card":"summary_large_image","twitter_misc":{"\u00c9crit par":"soumaya","Dur\u00e9e de lecture estim\u00e9e":"2 minutes"},"schema":{"@context":"https:\/\/schema.org","@graph":[{"@type":"Article","@id":"https:\/\/stopalzheimer.be\/nl\/hugo-de-peter-van-stichting-alzheimer-onderzoek-trapt-de-cupcake-actie-af\/#article","isPartOf":{"@id":"https:\/\/stopalzheimer.be\/nl\/hugo-de-peter-van-stichting-alzheimer-onderzoek-trapt-de-cupcake-actie-af\/"},"author":{"name":"soumaya","@id":"https:\/\/stopalzheimer.be\/fr\/#\/schema\/person\/2b6d2165b20374904f1427049d1d94fb"},"headline":"Hugo, de Peter van Stichting Alzheimer Onderzoek trapt de cupcake-actie af","datePublished":"2023-09-12T06:59:00+00:00","dateModified":"2023-11-17T13:24:41+00:00","mainEntityOfPage":{"@id":"https:\/\/stopalzheimer.be\/nl\/hugo-de-peter-van-stichting-alzheimer-onderzoek-trapt-de-cupcake-actie-af\/"},"wordCount":399,"publisher":{"@id":"https:\/\/stopalzheimer.be\/fr\/#organization"},"image":{"@id":"https:\/\/stopalzheimer.be\/nl\/hugo-de-peter-van-stichting-alzheimer-onderzoek-trapt-de-cupcake-actie-af\/#primaryimage"},"thumbnailUrl":"https:\/\/stopalzheimer.be\/wp-content\/uploads\/2023\/11\/20230912_100826-scaled.jpg","articleSection":["Evenementen"],"inLanguage":"fr-FR"},{"@type":"WebPage","@id":"https:\/\/stopalzheimer.be\/nl\/hugo-de-peter-van-stichting-alzheimer-onderzoek-trapt-de-cupcake-actie-af\/","url":"https:\/\/stopalzheimer.be\/nl\/hugo-de-peter-van-stichting-alzheimer-onderzoek-trapt-de-cupcake-actie-af\/","name":"Hugo, de Peter van Stichting Alzheimer Onderzoek trapt de cupcake-actie af - Stop Alzheimer","isPartOf":{"@id":"https:\/\/stopalzheimer.be\/fr\/#website"},"primaryImageOfPage":{"@id":"https:\/\/stopalzheimer.be\/nl\/hugo-de-peter-van-stichting-alzheimer-onderzoek-trapt-de-cupcake-actie-af\/#primaryimage"},"image":{"@id":"https:\/\/stopalzheimer.be\/nl\/hugo-de-peter-van-stichting-alzheimer-onderzoek-trapt-de-cupcake-actie-af\/#primaryimage"},"thumbnailUrl":"https:\/\/stopalzheimer.be\/wp-content\/uploads\/2023\/11\/20230912_100826-scaled.jpg","datePublished":"2023-09-12T06:59:00+00:00","dateModified":"2023-11-17T13:24:41+00:00","description":"Ontdek de zoete kant van het goede doel op 12 september om 10 uur in WZC Hestia te Wemmel, wanneer Hugo, de Peter van Stichting Alzheimer Onderzoek, de aftrap geeft voor de cupcake-actie. Samen met de bewoners gaat hij creatief aan de slag, cupcakes versieren in een sfeer van gezelligheid en muziek. Een hartverwarmende bijeenkomst waar delen, zorg en plezier samenkomen, en waar elke versierde lekkernij een stap is naar meer bewustwording en steun voor Alzheimeronderzoek.","breadcrumb":{"@id":"https:\/\/stopalzheimer.be\/nl\/hugo-de-peter-van-stichting-alzheimer-onderzoek-trapt-de-cupcake-actie-af\/#breadcrumb"},"inLanguage":"fr-FR","potentialAction":[{"@type":"ReadAction","target":["https:\/\/stopalzheimer.be\/nl\/hugo-de-peter-van-stichting-alzheimer-onderzoek-trapt-de-cupcake-actie-af\/"]}]},{"@type":"ImageObject","inLanguage":"fr-FR","@id":"https:\/\/stopalzheimer.be\/nl\/hugo-de-peter-van-stichting-alzheimer-onderzoek-trapt-de-cupcake-actie-af\/#primaryimage","url":"https:\/\/stopalzheimer.be\/wp-content\/uploads\/2023\/11\/20230912_100826-scaled.jpg","contentUrl":"https:\/\/stopalzheimer.be\/wp-content\/uploads\/2023\/11\/20230912_100826-scaled.jpg","width":2560,"height":1920},{"@type":"BreadcrumbList","@id":"https:\/\/stopalzheimer.be\/nl\/hugo-de-peter-van-stichting-alzheimer-onderzoek-trapt-de-cupcake-actie-af\/#breadcrumb","itemListElement":[{"@type":"ListItem","position":1,"name":"Home","item":"https:\/\/stopalzheimer.be\/"},{"@type":"ListItem","position":2,"name":"Hugo, de Peter van Stichting Alzheimer Onderzoek trapt de cupcake-actie af"}]},{"@type":"WebSite","@id":"https:\/\/stopalzheimer.be\/fr\/#website","url":"https:\/\/stopalzheimer.be\/fr\/","name":"Stop Alzheimer","description":"Fondation Recherche Alzheimer","publisher":{"@id":"https:\/\/stopalzheimer.be\/fr\/#organization"},"potentialAction":[{"@type":"SearchAction","target":{"@type":"EntryPoint","urlTemplate":"https:\/\/stopalzheimer.be\/fr\/?s={search_term_string}"},"query-input":{"@type":"PropertyValueSpecification","valueRequired":true,"valueName":"search_term_string"}}],"inLanguage":"fr-FR"},{"@type":"Organization","@id":"https:\/\/stopalzheimer.be\/fr\/#organization","name":"Stop Alzheimer","url":"https:\/\/stopalzheimer.be\/fr\/","logo":{"@type":"ImageObject","inLanguage":"fr-FR","@id":"https:\/\/stopalzheimer.be\/fr\/#\/schema\/logo\/image\/","url":"https:\/\/stopalzheimer.be\/wp-content\/uploads\/2025\/04\/241021_Alzheimer_logoNL_NEW.png","contentUrl":"https:\/\/stopalzheimer.be\/wp-content\/uploads\/2025\/04\/241021_Alzheimer_logoNL_NEW.png","width":2362,"height":515,"caption":"Stop Alzheimer"},"image":{"@id":"https:\/\/stopalzheimer.be\/fr\/#\/schema\/logo\/image\/"},"sameAs":["https:\/\/www.facebook.com\/StichtingAlzheimerOnderzoek\/","https:\/\/www.youtube.com\/@stichtingalzheimeronderzoe3860\/videos","https:\/\/be.linkedin.com\/in\/stichting-alzheimer-onderzoek-fondation-recherche-alzheimer-8760b61a4"]},{"@type":"Person","@id":"https:\/\/stopalzheimer.be\/fr\/#\/schema\/person\/2b6d2165b20374904f1427049d1d94fb","name":"soumaya","image":{"@type":"ImageObject","inLanguage":"fr-FR","@id":"https:\/\/secure.gravatar.com\/avatar\/8f5a0530636f344b3ec7afcb52768eacaa2f1bc78eb9b753ec880dcf99b900d7?s=96&d=mm&r=g","url":"https:\/\/secure.gravatar.com\/avatar\/8f5a0530636f344b3ec7afcb52768eacaa2f1bc78eb9b753ec880dcf99b900d7?s=96&d=mm&r=g","contentUrl":"https:\/\/secure.gravatar.com\/avatar\/8f5a0530636f344b3ec7afcb52768eacaa2f1bc78eb9b753ec880dcf99b900d7?s=96&d=mm&r=g","caption":"soumaya"},"url":"https:\/\/stopalzheimer.be\/fr\/author\/soumayastopalzheimer-be\/"}]}},"_links":{"self":[{"href":"https:\/\/stopalzheimer.be\/fr\/wp-json\/wp\/v2\/posts\/2371","targetHints":{"allow":["GET"]}}],"collection":[{"href":"https:\/\/stopalzheimer.be\/fr\/wp-json\/wp\/v2\/posts"}],"about":[{"href":"https:\/\/stopalzheimer.be\/fr\/wp-json\/wp\/v2\/types\/post"}],"author":[{"embeddable":true,"href":"https:\/\/stopalzheimer.be\/fr\/wp-json\/wp\/v2\/users\/4"}],"replies":[{"embeddable":true,"href":"https:\/\/stopalzheimer.be\/fr\/wp-json\/wp\/v2\/comments?post=2371"}],"version-history":[{"count":0,"href":"https:\/\/stopalzheimer.be\/fr\/wp-json\/wp\/v2\/posts\/2371\/revisions"}],"wp:featuredmedia":[{"embeddable":true,"href":"https:\/\/stopalzheimer.be\/fr\/wp-json\/wp\/v2\/media\/2378"}],"wp:attachment":[{"href":"https:\/\/stopalzheimer.be\/fr\/wp-json\/wp\/v2\/media?parent=2371"}],"wp:term":[{"taxonomy":"category","embeddable":true,"href":"https:\/\/stopalzheimer.be\/fr\/wp-json\/wp\/v2\/categories?post=2371"},{"taxonomy":"post_tag","embeddable":true,"href":"https:\/\/stopalzheimer.be\/fr\/wp-json\/wp\/v2\/tags?post=2371"},{"taxonomy":"locatie","embeddable":true,"href":"https:\/\/stopalzheimer.be\/fr\/wp-json\/wp\/v2\/locatie?post=2371"}],"curies":[{"name":"wp","href":"https:\/\/api.w.org\/{rel}","templated":true}]}}